{"id":960,"date":"2011-04-18T11:40:12","date_gmt":"2011-04-18T09:40:12","guid":{"rendered":"http:\/\/www.thomas-griese-aachen.de\/?p=960"},"modified":"2011-04-18T11:40:12","modified_gmt":"2011-04-18T09:40:12","slug":"der-windpark-im-munsterwald-%e2%80%93-fakten-und-hintergrunde","status":"publish","type":"post","link":"https:\/\/www.thomas-griese-aachen.de\/?p=960","title":{"rendered":"Der Windpark im M\u00fcnsterwald &#8220; Fakten und Hintergr\u00fcnde"},"content":{"rendered":"<p><em><strong><span style=\"color: #ff0000;\">Wenn der Wind des Wandels weht, bauen die einen Schutzmauern, die anderen Windm\u00fchlen. <\/span><em><span style=\"color: #ff0000;\">(Chinesisches Sprichwort)<\/span><\/em><\/strong><\/em><\/p>\n<p><a href=\"http:\/\/windpark-himmelsleiter.de\/wp-content\/uploads\/2011\/03\/Faltblatt_Windpark_M%C3%BCnsterwald.pdf\"><\/a><\/p>\n<p>Liebe B\u00fcrgerinnen und B\u00fcrger!<\/p>\n<p>Die Stadt Aachen m\u00f6chte die Windkraftnutzung ausbauen und sucht derzeit geeignete Gebiete f\u00fcr den Bau von Windkraftanlagen. Eine der zu pr\u00fcfenden Fl\u00e4chen liegt im M\u00fcnsterwald an der Himmelsleiter, kurz vor der Gemeindegrenze von Roetgen. Die Gr\u00fcnen in Aachen und Roetgen hatten sich gew\u00fcnscht, dass dies ein gemeinsames Projekt wird, ein Gemeindegrenzen \u00fcberschreitender Windpark. Die Gemeinde Roetgen k\u00f6nnte mit ein bis zwei m\u00f6glichen Windkraftanlagen auf ihrem Gemeindegebiet in K\u00fcrze eine zu 100% mit \u00d6kostrom versorgte Gemeinde werden.<\/p>\n<p>Wir haben Ihnen hier einige Fakten und Antworten zusammengestellt auf h\u00e4ufig gestellte Fragen und h\u00e4ufig ge\u00e4u\u00dferte Bef\u00fcrchtungen. \u00dcber die Quellenangaben, die hier mit entsprechenden Links hinterlegt sind, k\u00f6nnen Sie sich noch weitgehender informieren.<\/p>\n<p>F\u00fcr uns Gr\u00fcne hat der Klimaschutz genauso wie der Natur- und Artenschutz einen hohen Stellenwert, weil der Erhalt und der Schutz unseres Planeten die Lebensgrundlage aller Menschen sichert. Der Bau von Windkraftanlagen kann erst nach einer genauen Untersuchung aller betroffenen Belange und nach sorgf\u00e4ltiger Abw\u00e4gung zwischen Natur- und Artenschutz und den Auswirkungen auf Menschen und Landschaft erfolgen.<\/p>\n<p>Letzten Endes muss aber von uns die Frage beantwortet werden, ob wir die Folgen und Kosten f\u00fcr unseren Lebensstandard und den damit einhergehenden hohen Energieverbrauch anderen aufb\u00fcrden oder ob wir daf\u00fcr selbst einstehen.<\/p>\n<p>In diesem Sinne bitten wir Sie um Ihre Unterst\u00fctzung.<\/p>\n<p>Sabine G\u00f6ddenhenrich                          Christa Heners                  Dr. Thomas Griese<br \/>\nUmweltausschussStadt Aachen           Gemeinderat Roetgen         stv. St\u00e4dteregionsrat<\/p>\n<p><a href=\"http:\/\/www.thomas-griese-aachen.de\/wp-content\/uploads\/2011\/04\/flyer-150x150.jpg\"><img loading=\"lazy\" decoding=\"async\" class=\"alignnone size-full wp-image-976\" title=\"flyer-150x150\" src=\"http:\/\/www.thomas-griese-aachen.de\/wp-content\/uploads\/2011\/04\/flyer-150x150.jpg\" alt=\"\" width=\"150\" height=\"150\" \/><\/a><\/p>\n<p><strong>Wird f\u00fcr den Windpark der ganze M\u00fcnsterwald gerodet?<\/strong><\/p>\n<p>Die als Windenergiekonzentrationszone diskutierte Fl\u00e4che im M\u00fcnsterwald ist ca. 172 ha gro\u00df. F\u00fcr die Errichtung von 10 Windkraftanlagen wird eine Fl\u00e4che von ca. 2,5 bis 3 ha ben\u00f6tigt, das sind weniger als 2% des M\u00fcnsterwaldes.<br \/>\nAuf einem Teil dieser Fl\u00e4chen k\u00f6nnen sich nach der Bauphase neue \u00f6kologische Strukturen entwickeln, die den Wald bereichern und dem Wild als \u00c4sungsfl\u00e4che dienen. Wie bei jeder Bauma\u00dfnahme werden auch f\u00fcr den Bau eines Windparks \u00f6kologische Ausgleichma\u00dfnahmen festgesetzt.<\/p>\n<p><span><a href=\"http:\/\/www.aachen.de\/de\/stadt_buerger\/umwelt\/energie\/erneuerbare_energien\/windenergie\/index.html\">Quelle: Stadt Aachen \u00c4nderung des Fl\u00e4chennutzungsplanes<\/a><\/span><\/p>\n<p><strong>Wird f\u00fcr den Windpark im M\u00fcnsterwald intakter Naturwald geopfert?<\/strong><\/p>\n<p>Der M\u00fcnsterwald besteht \u00fcberwiegend aus Wirtschaftswald mit Fichtenmonokulturen. Es gibt dort einige sch\u00fctzenwerte Bereiche, wie z.B. \u00e4ltere Buchenbest\u00e4nde oder das Feuchtbiotop am Haupterschlie\u00dfungsweg. Auf diese Bereiche wird die Feinplanung des Windparks R\u00fccksicht nehmen. Angrenzende Naturschutzgebiete sind per Gesetz Tabuzonen f\u00fcr die Errichtung von Windkraftanlagen.<\/p>\n<p><span><a href=\"http:\/\/wibke-brems.de\/wp-content\/uploads\/2011\/02\/Entwurf-WinderlassNRW.pdf\">Quelle: Entwurf Windenergieerlass NRW<\/a><\/span><\/p>\n<p><span><a href=\"http:\/\/maps.google.de\/maps?hl=de&amp;ie=UTF8&amp;ll=50.672149,6.18144&amp;spn=0.027143,0.077162&amp;t=k&amp;z=14&amp;lci=org.wikipedia.de\">Luftbild Google Maps<\/a><\/span><\/p>\n<p><span><strong><br \/>\n<\/strong><\/span><strong>Wie gro\u00df sollen die Windkraftanlagen werden?<\/strong><\/p>\n<p>Grundlage f\u00fcr die Planung der Stadt Aachen sind 10 Anlagen \u00c3  3 MW Leistung mit einer Nabenh\u00f6he von 135,5 m und einem Rotordurchmesser von 100 m. Die Fundamente haben einen Durchmesser von ca. 20 m bei einer Tiefe von 3 m. Wie gro\u00df die Anlagen, die sp\u00e4ter gebaut werden sollen, dann tats\u00e4chlich sein werden, wird im Baugenehmigungsverfahren entschieden.<br \/>\nDie Auswirkungen auf das Landschaftsbild sind Gegenstand einer gesonderten Untersuchung. Ergebnisse liegen noch nicht vor.<br \/>\n\u00dcbrigens: Der nordrheinwestf\u00e4lische Windkrafterlass verpflichtet Anlagenbetreiber zu einem vollst\u00e4ndigen R\u00fcckbau der Anlagen und der Fundamente nach Ablauf der Nutzungsdauer.  Es entstehen keine Ewigkeitskosten wie beim Kohleabbau und keine strahlenden Endlager.<\/p>\n<p><span>Quelle: <a href=\"http:\/\/www.aachen.de\/de\/stadt_buerger\/umwelt\/energie\/erneuerbare_energien\/windenergie\/index.html\"><span>Stadt Aachen,<\/span><\/a> Stawag, <span><a href=\"http:\/\/wibke-brems.de\/wp-content\/uploads\/2011\/02\/Entwurf-WinderlassNRW.pdf\">Entwurf Windenergieerlass NRW<\/a><\/span><\/span><\/p>\n<p><a href=\"http:\/\/www.thomas-griese-aachen.de\/wp-content\/uploads\/2011\/04\/cropped-windpark.jpg\"><img loading=\"lazy\" decoding=\"async\" class=\"alignnone size-full wp-image-978\" title=\"cropped-windpark\" src=\"http:\/\/www.thomas-griese-aachen.de\/wp-content\/uploads\/2011\/04\/cropped-windpark.jpg\" alt=\"\" width=\"500\" height=\"105\" srcset=\"https:\/\/www.thomas-griese-aachen.de\/wp-content\/uploads\/2011\/04\/cropped-windpark.jpg 940w, https:\/\/www.thomas-griese-aachen.de\/wp-content\/uploads\/2011\/04\/cropped-windpark-300x63.jpg 300w\" sizes=\"auto, (max-width: 500px) 100vw, 500px\" \/><\/a><\/p>\n<p><span><span><a href=\"http:\/\/wibke-brems.de\/wp-content\/uploads\/2011\/02\/Entwurf-WinderlassNRW.pdf\"><\/a><strong>Werden f\u00fcr den Stromtransport Freileitungen gebaut werden?<\/strong><\/span><\/span><\/p>\n<p>Der Strom wird ausschlie\u00dflich \u00fcber Erdkabel transportiert, die entlang der Wege verlegt werden.<\/p>\n<p>Quelle: Stawag<\/p>\n<p><strong>Werden die Windkraftanlagen V\u00f6gel und Flederm\u00e4use erschlagen?<\/strong><\/p>\n<p>Windkraftanlagen haben Auswirkungen auf die Vogelwelt. Kollisionen einzelner Tiere mit Rotoren sind nicht auszuschlie\u00dfen. Das bef\u00fcrchtete Massensterben von V\u00f6geln an Windkraftanlagen ist bisher nirgendwo eingetreten. Durch eine sorgf\u00e4ltige Standortauswahl k\u00f6nnen St\u00f6rungen der Vogelwelt weitgehend minimiert werden. Zum aktuellen Planungsverfahren f\u00fcr den Windpark im M\u00fcnsterwald geh\u00f6ren deshalb Untersuchungen zu m\u00f6glicherweise gef\u00e4hrdeten Tierarten wie V\u00f6gel und Flederm\u00e4use. Eine Beurteilung kann erst nach Abschluss der Untersuchungen erfolgen.<\/p>\n<p><span>Quelle: <a href=\"http:\/\/bergenhusen.nabu.de\/bericht\/VoegelRegEnergien.pdf\"><span>Auswirkungen regenerativer Energiegewinnung auf die biologische Vielfalt am Beispiel der V\u00f6gel und der Flederm\u00e4use\u00e2\u20ac\u00a6 (NABU)<\/span><\/a><\/span><\/p>\n<p><span><a href=\"http:\/\/www.bund-naturschutz.de\/fileadmin\/download\/Bildung\/2009_Seminarergebnisse\/Windenergie_Kempten_Vortrag_Ratzbor.pdf\">G\u00fcnter Ratzbor: Windenergie in Landschaft und Natur &#8220; Ergebnisse der DNR-Studie &#8222;Windkraft im Visier\u00e2\u20ac\u009d (Deutscher Naturschutzring)<\/a><\/span><\/p>\n<p><strong>Werden die Anwohner durch Schattenwurf, L\u00e4rmentwicklung und Eisschlag gef\u00e4hrdet?<\/strong><\/p>\n<p>Der Windenergieerlass des Landes NRW sowie das Bundesimmissionsschutzgesetz regeln die Abst\u00e4nde der Windkraftanlagen zur Bebauung, um Beeintr\u00e4chtigungen f\u00fcr die Anwohner auszuschlie\u00dfen. Ein Vorteil von Waldstandorten liegt h\u00e4ufig in den gr\u00f6\u00dferen Abst\u00e4nden zur Wohnbebauung. Im Wald selber werden sowohl der Schattenwurf als auch die Ger\u00e4uschemissionen der Windr\u00e4der durch die Ger\u00e4usche des Waldes und den bewegten Schattenwurf der B\u00e4ume relativiert.<\/p>\n<p><span>Quelle: <span><a href=\"http:\/\/wibke-brems.de\/wp-content\/uploads\/2011\/02\/Entwurf-WinderlassNRW.pdf\">Entwurf Windenergieerlass NRW<\/a><\/span><\/span><\/p>\n<p><span><span><a href=\"http:\/\/wibke-brems.de\/wp-content\/uploads\/2011\/02\/Entwurf-WinderlassNRW.pdf\"><\/a><strong>Wird der Windpark gesundheitssch\u00e4dlichen Infraschall aussenden?<\/strong><\/span><\/span><\/p>\n<p>Neben dem h\u00f6rbaren Schall produzieren Windenergieanlagen durch die rotierenden Fl\u00fcgelbewegungen auch so genannten Infraschall. Dies ist ein sehr langwelliger, tiefer Schall, den man normalerweise nicht h\u00f6ren kann. St\u00f6rungen des Wohlbefindens k\u00f6nnen auftreten, wenn der Infraschall an Aufenthaltsorten von Menschen den Pegel von 120 dB \u00fcbersteigt. Dies kann z. B. in Werkshallen passieren, wo Klima- bzw. Bel\u00fcftungsanlagen oder auch sonstige Industrieanlagen Infraschall produzieren. Der Infraschall von nat\u00fcrlichen Quellen, wie Wind oder Meeresbrandung erreicht nicht diese Lautst\u00e4rke.<\/p>\n<p>Das gilt auch f\u00fcr Windenergieanlagen: Bei Messungen in nur 100 bis 250 m Entfernung wurden bei extrem hoher Windgeschwindigkeit Werte im Bereich von 70 dB, bei normalen Windverh\u00e4ltnissen um 50 dB ermittelt. Dies liegt weit unterhalb der H\u00f6rschwelle des Menschen und damit sehr weit unterhalb der Beeintr\u00e4chtigungsschwelle. Dagegen liegen die Innenger\u00e4usche eines Autos bei einer Fahrgeschwindigkeit von 100 km\/h oder auf Pflasterstra\u00dfen deutlich h\u00f6her und sind sogar im Infraschallbereich h\u00f6rbar.<\/p>\n<p><span>Quelle: <a href=\"http:\/\/www.bund-naturschutz.de\/fileadmin\/download\/Bildung\/2009_Seminarergebnisse\/Windenergie_Kempten_Vortrag_Ratzbor.pdf\"><span>G\u00fcnter Ratzbor: Windenergie in Landschaft und Natur &#8220; Ergebnisse der DNR-Studie &#8222;Windkraft im Visier\u00e2\u20ac\u009d (Deutscher Naturschutzring)<\/span><\/a><\/span><\/p>\n<p><strong>Wird der Windpark die Touristen auf dem Eifelsteig und auf der Vennbahnroute vertreiben?<\/strong><\/p>\n<p>Dass Touristen k\u00fcnftig Roetgen, den Eifelsteig und den Vennbahnradweg meiden werden, ist eine Behauptung, die nicht zu belegen ist. Zahlreiche Studien weisen nach, dass der Tourismus nicht unter dem Bau von Windkraftanlagen leidet. Regionen wie das M\u00fcnsterland verf\u00fcgen \u00fcber viele Windparks und haben trotzdem einen florierenden Radtourismus. Urlauber, die als Wanderer oder Radfahrer unterwegs sind, haben oft auch pers\u00f6nlich ein gro\u00dfes Interesse an Klimaschutz und erneuerbaren Energien.<\/p>\n<p>Die Besucherwindanlage in Aachen-Vetschau wird regelm\u00e4\u00dfig  von kleineren Gruppen besucht und bietet damit einen nachhaltigen touristischen Anziehungspunkt.<\/p>\n<p>Quelle: <a href=\"http:\/\/aachen-hat-energie.de\/wind\/wind112.htm\"><span>Besucherwindanlage Vetschau<\/span><\/a> und diverse Untersuchungen zum Thema Windkraftanlagen und Tourismus.<\/p>\n<p><strong>Wird der Windpark unsere Grundst\u00fccke entwerten?<\/strong><\/p>\n<p>Der Immobilienverband Deutschland teilt zu dieser Frage mit, dass negative Einfl\u00fcsse auf die Immobilie durch eine Windenergieanlage per Gesetz grunds\u00e4tzlich auszuschlie\u00dfen sind. Windkraftanlagen, die in Abstand von 300 &#8220; 500 m Entfernung zum Geb\u00e4ude liegen, k\u00f6nnen eine Wertminderung ausl\u00f6sen. Der Verband sch\u00e4tzt diese auf -1 % bis -5 %.<\/p>\n<p>Der geplante Windpark ist deutlich weiter von der Bebauung entfernt, so dass nicht mit einer Wertminderung zu rechnen ist.<\/p>\n<p>Quelle: Immobilienverband Deutschland IVD, Sprengnetter (Hrsg.), Lehrbuch und Kommentar, Teil 10, Kap. 31 zu finden.<\/p>\n<p><strong>Wird der Windpark aus reiner Profitgier &#8222;um des schn\u00f6den Mammons willen&#8220; gebaut?<\/strong><\/p>\n<p>Um die Klimaschutzziele von Bund, Land und Kommune erreichen zu k\u00f6nnen, m\u00fcssen die erneuerbaren Energien massiv ausgebaut werden. Einen wichtigen, unverzichtbaren Beitrag dazu leistet die Windenergie.<br \/>\nDass eine Kommune Pacht- und Gewerbesteuereinnahmen aus wirtschaftlichen Vorg\u00e4ngen und Gewinne aus ihren st\u00e4dtischen Unternehmen erzielt, ist ein ganz normales kommunales Gesch\u00e4ft. Diese Einnahmen kommen jedoch allen B\u00fcrgerinnen und B\u00fcrgern zugute und nicht den gro\u00dfen Energiekonzernen.<\/p>\n<p><strong>K\u00f6nnen Erneuerbare Energien Kohle- und Atomstrom \u00fcberhaupt ersetzen?<\/strong><\/p>\n<p>Zwei moderne Windkraftanlagen erzeugen j\u00e4hrlich schon mehr Strom, als alle 3600 Roetgener Haushalte verbrauchen. Die zehn im M\u00fcnsterwald geplanten Anlagen werden 25-30.000 Aachener Haushalte mit Strom versorgen k\u00f6nnen.<\/p>\n<p>Der Sachverst\u00e4ndigenrat f\u00fcr Umweltfragen (SRU) kommt in seiner neuesten Studie zu dem Ergebnis: 100 % Vollversorgung mit Strom aus erneuerbaren Energien ist m\u00f6glich, sicher und bezahlbar!<br \/>\nDie Windkraft ist dabei ein Teil im erneuerbaren Energiemix aus Energieeffizienz, Wind, Sonne, Wasser und Biomasse. Dezentrale Erzeugung in vielen Anlagen, neue Speichertechnologien und &#8222;intelligente&#8220; Stromabnahme garantieren die Versorgungssicherheit.<\/p>\n<p><span>Quelle: <a href=\"http:\/\/www.aachen.de\/de\/stadt_buerger\/umwelt\/energie\/erneuerbare_energien\/windenergie\/index.html\"><span>Stadt Aachen <\/span><\/a><br \/>\n<a href=\"http:\/\/www.umweltrat.de\/SharedDocs\/Downloads\/DE\/02_Sondergutachten\/2011_Sondergutachten_100Prozent_Erneuerbare.pdf?__blob=publicationFile\"><span>SRU: Wege zu 100 % erneuerbarer Stromversorgung, Januar 2011<\/span><\/a><\/span><\/p>\n","protected":false},"excerpt":{"rendered":"<p>Wenn der Wind des Wandels weht, bauen die einen Schutzmauern, die anderen Windm\u00fchlen. (Chinesisches Sprichwort) Liebe B\u00fcrgerinnen und B\u00fcrger! Die Stadt Aachen m\u00f6chte die Windkraftnutzung ausbauen und sucht derzeit geeignete Gebiete f\u00fcr den Bau von Windkraftanlagen. Eine der zu pr\u00fcfenden Fl\u00e4chen liegt im M\u00fcnsterwald an der Himmelsleiter, kurz vor der Gemeindegrenze von Roetgen. Die Gr\u00fcnen &#8230; <span class=\"more\"><a class=\"more-link\" href=\"https:\/\/www.thomas-griese-aachen.de\/?p=960\">[Read more&#8230;]<\/a><\/span><\/p>\n","protected":false},"author":3,"featured_media":0,"comment_status":"open","ping_status":"closed","sticky":false,"template":"","format":"standard","meta":{"footnotes":""},"categories":[1],"tags":[],"class_list":{"0":"entry","1":"post","2":"publish","3":"author-thomasgriese","4":"post-960","6":"format-standard","7":"category-allgemein"},"_links":{"self":[{"href":"https:\/\/www.thomas-griese-aachen.de\/index.php?rest_route=\/wp\/v2\/posts\/960","targetHints":{"allow":["GET"]}}],"collection":[{"href":"https:\/\/www.thomas-griese-aachen.de\/index.php?rest_route=\/wp\/v2\/posts"}],"about":[{"href":"https:\/\/www.thomas-griese-aachen.de\/index.php?rest_route=\/wp\/v2\/types\/post"}],"author":[{"embeddable":true,"href":"https:\/\/www.thomas-griese-aachen.de\/index.php?rest_route=\/wp\/v2\/users\/3"}],"replies":[{"embeddable":true,"href":"https:\/\/www.thomas-griese-aachen.de\/index.php?rest_route=%2Fwp%2Fv2%2Fcomments&post=960"}],"version-history":[{"count":0,"href":"https:\/\/www.thomas-griese-aachen.de\/index.php?rest_route=\/wp\/v2\/posts\/960\/revisions"}],"wp:attachment":[{"href":"https:\/\/www.thomas-griese-aachen.de\/index.php?rest_route=%2Fwp%2Fv2%2Fmedia&parent=960"}],"wp:term":[{"taxonomy":"category","embeddable":true,"href":"https:\/\/www.thomas-griese-aachen.de\/index.php?rest_route=%2Fwp%2Fv2%2Fcategories&post=960"},{"taxonomy":"post_tag","embeddable":true,"href":"https:\/\/www.thomas-griese-aachen.de\/index.php?rest_route=%2Fwp%2Fv2%2Ftags&post=960"}],"curies":[{"name":"wp","href":"https:\/\/api.w.org\/{rel}","templated":true}]}}