{"id":90,"date":"2009-03-07T18:35:45","date_gmt":"2009-03-07T16:35:45","guid":{"rendered":"http:\/\/www.thomas-griese-aachen.de\/?p=90"},"modified":"2009-04-17T13:41:41","modified_gmt":"2009-04-17T11:41:41","slug":"kein-krieg-um-rohstoffe","status":"publish","type":"post","link":"https:\/\/www.thomas-griese-aachen.de\/?p=90","title":{"rendered":"Kein Krieg um Rohstoffe"},"content":{"rendered":"<p><!--StartFragment--><\/p>\n<p class=\"MsoNormal\"><a href=\"http:\/\/www.thomas-griese-aachen.de\/wp-content\/uploads\/2009\/04\/hpim3893.jpg\"><\/a>\u00dcber 800 B\u00fcrger aus dem Kongo leben in Aachen, noch mehr <span> <\/span>in der St\u00e4dteregion Aachen.<\/p>\n<p class=\"MsoNormal\"><span>Vor kurzem fand ein Demonstrationszug ab der Josefskirche und anschlie\u00dfend eine Veranstaltung in der Katholischen Hochschulgemeinde (KHG) statt.<span>  <\/span>Es ging darum, wie Mitinitiatorin Elisabeth Paul 8 (im Bild in der Mitte, rechts ihr Mann Manfred Paul) die auch auf Listenplatz 3 f\u00fcr den St\u00e4dteregionstag kandidiert, Sensibilit\u00e4t f\u00fcr einen fast vergessenen Krieg zu wecken.<\/span><\/p>\n<p class=\"MsoNormal\">\n<p class=\"MsoNormal\"><a href=\"http:\/\/www.thomas-griese-aachen.de\/wp-content\/uploads\/2009\/04\/hpim3893.jpg\"><img loading=\"lazy\" decoding=\"async\" class=\"aligncenter size-medium wp-image-140\" title=\"hpim3893\" src=\"http:\/\/www.thomas-griese-aachen.de\/wp-content\/uploads\/2009\/04\/hpim3893-300x225.jpg\" alt=\"\" width=\"300\" height=\"225\" srcset=\"https:\/\/www.thomas-griese-aachen.de\/wp-content\/uploads\/2009\/04\/hpim3893-300x225.jpg 300w, https:\/\/www.thomas-griese-aachen.de\/wp-content\/uploads\/2009\/04\/hpim3893.jpg 319w\" sizes=\"auto, (max-width: 300px) 100vw, 300px\" \/><\/a><\/p>\n<p class=\"MsoNormal\"><span>Der Mitinitiator Willi Vuenze (im Bild links) konnte \u00fcber 200 Personen begr\u00fc\u00dfen. Mit Nachdruck machte die Versammlung auf das Schicksal der vom Krieg in Mitleidenschaft gezogenen Bev\u00f6lkerung aufmerksam.<\/span><\/p>\n<p class=\"MsoNormal\"><span> <\/span><\/p>\n<p class=\"MsoNormal\"><span>Ich habe sehr bewusst teilgenommen, weil dieser Krieg mehr mit mit uns zu tun, als wir glauben. Denn es geht um Rohstoffe, \u00fcber die der Kongo in gro\u00dfem Ausma\u00df verf\u00fcgt. Gro\u00dfe Konzerne und korrupte Machthaber verteilen den Reichtum des Landes unter sich und tragen Konflikte unter sich auf dem R\u00fccken der Bev\u00f6lkerung aus.<\/span><\/p>\n<p class=\"MsoNormal\"><a href=\"http:\/\/www.thomas-griese-aachen.de\/wp-content\/uploads\/2009\/04\/hpim3885.jpg\"><img loading=\"lazy\" decoding=\"async\" class=\"aligncenter size-medium wp-image-142\" title=\"hpim3885\" src=\"http:\/\/www.thomas-griese-aachen.de\/wp-content\/uploads\/2009\/04\/hpim3885-300x225.jpg\" alt=\"\" width=\"300\" height=\"225\" srcset=\"https:\/\/www.thomas-griese-aachen.de\/wp-content\/uploads\/2009\/04\/hpim3885-300x225.jpg 300w, https:\/\/www.thomas-griese-aachen.de\/wp-content\/uploads\/2009\/04\/hpim3885.jpg 798w\" sizes=\"auto, (max-width: 300px) 100vw, 300px\" \/><\/a><\/p>\n<p class=\"MsoNormal\"><span>So verf\u00fcgt der Kongo \u00fcber 80 % der weltweiten Vorr\u00e4te an Coltan. Dieser Rohstoff ist f\u00fcr die Handy &#8220; und Laptop-Produktion unentbehrlich.<\/span><\/p>\n<p class=\"MsoNormal\"><span>Die Kolonialgeschichte und die Interessen der internationalen Rohstoffkonzerne standen im Mittelpunkt der Vortr\u00e4ge und Diskussionen. Der &#8222;vergessene Krieg&#8220; mit seinen abscheulichen Kriegsverbrechen wird nur beendet werden k\u00f6nnen, wenn er in das Bewusstsein der \u00d6ffentlichkeit r\u00fcckt und zu einer \u00c4nderung der Rohstoffbeschaffung der westlichen Welt f\u00fchrt.<\/span><\/p>\n<p class=\"MsoNormal\">\n<p><!--EndFragment--><\/p>\n","protected":false},"excerpt":{"rendered":"<p>\u00dcber 800 B\u00fcrger aus dem Kongo leben in Aachen, noch mehr in der St\u00e4dteregion Aachen. Vor kurzem fand ein Demonstrationszug ab der Josefskirche und anschlie\u00dfend eine Veranstaltung in der Katholischen Hochschulgemeinde (KHG) statt. Es ging darum, wie Mitinitiatorin Elisabeth Paul 8 (im Bild in der Mitte, rechts ihr Mann Manfred Paul) die auch auf Listenplatz &#8230; <span class=\"more\"><a class=\"more-link\" href=\"https:\/\/www.thomas-griese-aachen.de\/?p=90\">[Read more&#8230;]<\/a><\/span><\/p>\n","protected":false},"author":3,"featured_media":0,"comment_status":"open","ping_status":"open","sticky":false,"template":"","format":"standard","meta":{"footnotes":""},"categories":[1],"tags":[],"class_list":{"0":"entry","1":"post","2":"publish","3":"author-thomasgriese","4":"post-90","6":"format-standard","7":"category-allgemein"},"_links":{"self":[{"href":"https:\/\/www.thomas-griese-aachen.de\/index.php?rest_route=\/wp\/v2\/posts\/90","targetHints":{"allow":["GET"]}}],"collection":[{"href":"https:\/\/www.thomas-griese-aachen.de\/index.php?rest_route=\/wp\/v2\/posts"}],"about":[{"href":"https:\/\/www.thomas-griese-aachen.de\/index.php?rest_route=\/wp\/v2\/types\/post"}],"author":[{"embeddable":true,"href":"https:\/\/www.thomas-griese-aachen.de\/index.php?rest_route=\/wp\/v2\/users\/3"}],"replies":[{"embeddable":true,"href":"https:\/\/www.thomas-griese-aachen.de\/index.php?rest_route=%2Fwp%2Fv2%2Fcomments&post=90"}],"version-history":[{"count":0,"href":"https:\/\/www.thomas-griese-aachen.de\/index.php?rest_route=\/wp\/v2\/posts\/90\/revisions"}],"wp:attachment":[{"href":"https:\/\/www.thomas-griese-aachen.de\/index.php?rest_route=%2Fwp%2Fv2%2Fmedia&parent=90"}],"wp:term":[{"taxonomy":"category","embeddable":true,"href":"https:\/\/www.thomas-griese-aachen.de\/index.php?rest_route=%2Fwp%2Fv2%2Fcategories&post=90"},{"taxonomy":"post_tag","embeddable":true,"href":"https:\/\/www.thomas-griese-aachen.de\/index.php?rest_route=%2Fwp%2Fv2%2Ftags&post=90"}],"curies":[{"name":"wp","href":"https:\/\/api.w.org\/{rel}","templated":true}]}}