{"id":631,"date":"2009-09-04T12:41:22","date_gmt":"2009-09-04T10:41:22","guid":{"rendered":"http:\/\/www.thomas-griese-aachen.de\/?p=631"},"modified":"2009-09-04T12:42:41","modified_gmt":"2009-09-04T10:42:41","slug":"631","status":"publish","type":"post","link":"https:\/\/www.thomas-griese-aachen.de\/?p=631","title":{"rendered":"Aufruf zur Anti-Atom-Demo am 5.9. in Berlin"},"content":{"rendered":"<p><img loading=\"lazy\" decoding=\"async\" class=\"alignnone size-full wp-image-575\" title=\"anti-atom-demo-berlin_plakat_150_03\" src=\"http:\/\/www.thomas-griese-aachen.de\/wp-content\/uploads\/2009\/08\/anti-atom-demo-berlin_plakat_150_03.jpg\" alt=\"\" width=\"150\" height=\"212\" \/><\/p>\n<p>Die Gr\u00fcnen in der St\u00e4dteRegion rufen zur Teilnahme an der gro\u00dfen Anti-Atom-Demo am 5. September in Berlin auf: &#8222;Die Allianz aus Atomwirtschaft, Union und FDP will nach der Bundestagswahl den Weiterbetrieb der Atomkraftwerke durchsetzen. Deren Stimmungsmache f\u00fcr die angeblich billige, sichere und klimafreundliche Atomenergie ist populistisch und verlogen. Dies zeigen die aktuellen Skandale um die AKWs Kr\u00fcmmel, Brunsb\u00fcttel, Biblis, etc. sowie beim Atomm\u00fclllager Asse. Es ist nicht die Sorge um das Klima oder um bezahlbare Energie, die die Atomlobby umtreibt. In Wahrheit geht es um Profit und Macht. <\/p>\n<p><a href=\"http:\/\/www.thomas-griese-aachen.de\/wp-content\/uploads\/2009\/08\/plakat-anti-akwklein.jpg\"><img loading=\"lazy\" decoding=\"async\" class=\"alignnone size-full wp-image-574\" title=\"plakat-anti-akwklein\" src=\"http:\/\/www.thomas-griese-aachen.de\/wp-content\/uploads\/2009\/08\/plakat-anti-akwklein.jpg\" alt=\"\" width=\"500\" height=\"353\" srcset=\"https:\/\/www.thomas-griese-aachen.de\/wp-content\/uploads\/2009\/08\/plakat-anti-akwklein.jpg 640w, https:\/\/www.thomas-griese-aachen.de\/wp-content\/uploads\/2009\/08\/plakat-anti-akwklein-300x212.jpg 300w\" sizes=\"auto, (max-width: 500px) 100vw, 500px\" \/><\/a><\/p>\n<p>Der Atomausstieg ist heute so richtig wie gestern. Atomkraft ist lebensgef\u00e4hrlich, teuer, sch\u00fctzt das Klima nicht und erzeugt hochgef\u00e4hrlichen M\u00fcll, den bisher niemand sicher entsorgen kann. Wir GR\u00dcNEN wollen raus aus der Atomkraft und werden uns einer Renaissance der Atomenergie und einer unverantwortlichen Atomm\u00fclllagerung entgegenstellen. Wir werden uns an der Anti-Atom-Gro\u00dfdemonstration in Berlin am 05.09. beteiligen.&#8220;<\/p>\n<p>In einem breiten B\u00fcndnis mit B\u00fcrgerinitiativen und NGOs gehen auch die Gr\u00fcnen am 5. September in Berlin auf die Stra\u00dfe. Ab K\u00f6ln f\u00e4hrt ein Sonderzug nach Berlin, Anmeldung online unter <a href=\"https:\/\/freemailng1705.web.de\/jump.htm?goto=http%3A%2F%2Fwww.gruene-nrw.de%2Fanti-atom-treck.html\" target=\"_blank\">www.gruene-nrw.de\/anti-atom-treck<\/a>. Der Fahrpreis betr\u00e4gt 30 Euro (erm\u00e4\u00dfigt 15 Euro). Stichtag f\u00fcr die Anmeldungen ist Samstag, der 29. August! Die Anreise von Aachen ist mit der S-Bahn m\u00f6glich. Weitere Buchungsm\u00f6glichkeiten f\u00fcr den Sonderzug finden Sie unter <a href=\"https:\/\/freemailng1705.web.de\/jump.htm?goto=http%3A%2F%2Fwww.antiatombonn.de%2F\" target=\"_blank\">http:\/\/www.antiatombonn.de<\/a>.<\/p>\n<p><a href=\"http:\/\/www.thomas-griese-aachen.de\/wp-content\/uploads\/2009\/08\/antiatomdemo_trecker_125x332.jpg\"><img loading=\"lazy\" decoding=\"async\" class=\"alignnone size-full wp-image-576\" title=\"antiatomdemo_trecker_125x332\" src=\"http:\/\/www.thomas-griese-aachen.de\/wp-content\/uploads\/2009\/08\/antiatomdemo_trecker_125x332.jpg\" alt=\"\" width=\"125\" height=\"332\" \/><\/a><\/p>\n","protected":false},"excerpt":{"rendered":"<p>Die Gr\u00fcnen in der St\u00e4dteRegion rufen zur Teilnahme an der gro\u00dfen Anti-Atom-Demo am 5. September in Berlin auf: &#8222;Die Allianz aus Atomwirtschaft, Union und FDP will nach der Bundestagswahl den Weiterbetrieb der Atomkraftwerke durchsetzen. Deren Stimmungsmache f\u00fcr die angeblich billige, sichere und klimafreundliche Atomenergie ist populistisch und verlogen. Dies zeigen die aktuellen Skandale um die &#8230; <span class=\"more\"><a class=\"more-link\" href=\"https:\/\/www.thomas-griese-aachen.de\/?p=631\">[Read more&#8230;]<\/a><\/span><\/p>\n","protected":false},"author":3,"featured_media":0,"comment_status":"open","ping_status":"closed","sticky":false,"template":"","format":"standard","meta":{"footnotes":""},"categories":[1],"tags":[],"class_list":{"0":"entry","1":"post","2":"publish","3":"author-thomasgriese","4":"post-631","6":"format-standard","7":"category-allgemein"},"_links":{"self":[{"href":"https:\/\/www.thomas-griese-aachen.de\/index.php?rest_route=\/wp\/v2\/posts\/631","targetHints":{"allow":["GET"]}}],"collection":[{"href":"https:\/\/www.thomas-griese-aachen.de\/index.php?rest_route=\/wp\/v2\/posts"}],"about":[{"href":"https:\/\/www.thomas-griese-aachen.de\/index.php?rest_route=\/wp\/v2\/types\/post"}],"author":[{"embeddable":true,"href":"https:\/\/www.thomas-griese-aachen.de\/index.php?rest_route=\/wp\/v2\/users\/3"}],"replies":[{"embeddable":true,"href":"https:\/\/www.thomas-griese-aachen.de\/index.php?rest_route=%2Fwp%2Fv2%2Fcomments&post=631"}],"version-history":[{"count":0,"href":"https:\/\/www.thomas-griese-aachen.de\/index.php?rest_route=\/wp\/v2\/posts\/631\/revisions"}],"wp:attachment":[{"href":"https:\/\/www.thomas-griese-aachen.de\/index.php?rest_route=%2Fwp%2Fv2%2Fmedia&parent=631"}],"wp:term":[{"taxonomy":"category","embeddable":true,"href":"https:\/\/www.thomas-griese-aachen.de\/index.php?rest_route=%2Fwp%2Fv2%2Fcategories&post=631"},{"taxonomy":"post_tag","embeddable":true,"href":"https:\/\/www.thomas-griese-aachen.de\/index.php?rest_route=%2Fwp%2Fv2%2Ftags&post=631"}],"curies":[{"name":"wp","href":"https:\/\/api.w.org\/{rel}","templated":true}]}}