{"id":58,"date":"2009-01-23T10:43:29","date_gmt":"2009-01-23T08:43:29","guid":{"rendered":"http:\/\/www.thomas-griese-aachen.de\/?p=58"},"modified":"2009-01-23T10:43:29","modified_gmt":"2009-01-23T08:43:29","slug":"grune-spitzenkrafte-fur-den-stadteregionstag","status":"publish","type":"post","link":"https:\/\/www.thomas-griese-aachen.de\/?p=58","title":{"rendered":"Gr\u00fcne Spitzenkr\u00e4fte f\u00fcr den St\u00e4dteregionstag"},"content":{"rendered":"<br \/>\n<h2 class=\"contentheading\"><span style=\"text-decoration: underline;\"><br \/>\n<\/span><\/h2>\n<div class=\"article-tools\">\n<div class=\"article-meta\"><span class=\"createdate\">Dienstag, 20. Januar 2009 um 15:20 <\/span><span class=\"article-section\">Aktuell           Bericht: Jochen Luczak     <\/span><\/div>\n<\/div>\n<div class=\"article-content\">\n<div class=\"img_caption right\"><img decoding=\"async\" class=\"caption\" title=\"Von Links: A. Majewsky, Platz 1; W. Hoven, \u00e4ltestes Mitglied und Dr. Th. Griese, Platz 2\" src=\"http:\/\/www.gruene-aachen.de\/images\/stories\/personen\/stdteregion2.jpg\" border=\"0\" alt=\"Von Links: A. Majewsky, Platz 1; W. Hoven, \u00e4ltestes Mitglied und Dr. Th. Griese, Platz 2Von links: A. \" align=\"right\" \/>Von Links: A. Majewsky, Platz 1; W. Hoven, \u00e4ltestes Mitglied und Dr. Th. Griese, Platz 2<\/div>\n<p>Am 17.1.09 haben die Gr\u00fcnen die DirektkandiatInnen und ihre Reserveliste f\u00fcr die Wahl zum St\u00e4dteregionstag 2009 gew\u00e4hlt. Spitzenkandidatin ist die bisherige stellvertretende Landr\u00e4tin Aggi Majewsky, die mit 87,6 % der Stimmen gew\u00e4hlt wurde. Die 77 Mitglieder der Versammlung in der AGIT setzten Dr. Thomas Griese, ehemaliger Staatssekret\u00e4r im NRW-Umweltministerium, auf Platz zwei der Reserveliste. Griese, der 96 % der Stimmen erhielt, ist zugleich der partei\u00fcbergreifend hoch anerkannte gr\u00fcne Kandidat f\u00fcr das Amt des St\u00e4dteregionsrats (&#8222;Pr\u00e4sident&#8220;). <\/p>\n<p><strong>Gute Aussichten<\/strong><\/p>\n<p>F\u00fcr das neue st\u00e4dteregionale Parlament stellten die Mitglieder aus Stadt- und bisherigem Kreis-Aachen eine hochkar\u00e4tige Mannschaft auf. Die ersten 14 Pl\u00e4tze wurden in Einzelabstimmungen gew\u00e4hlt. Ausgewogen sind genauso viel Frauen wie M\u00e4nner vertreten, und gemeinsam w\u00e4hlten sie vorwiegend VertreterInnen aus den Kreiskommunen &#8211; die Gr\u00fcnen der Stadt Aachen dr\u00fcckten damit auch ihre Wertsch\u00e4tzung der hohe Kompetenz und Erfahrung der gr\u00fcnen Kreistagsfraktion aus.<\/p>\n<p><strong>Neues Denken statt Kirchturmspolitik<\/strong><\/p>\n<p>Ein Beispiel f\u00fcr das gemeinsame Denken und Handeln lieferte die auf Platz drei gew\u00e4hlte Aachener Ratsfrau Elisabeth Paul. Fr\u00fcher habe sie gesagt, der Tivoli geh\u00f6re zu Aachen wie der Dom. Heute w\u00fcrde sie das nicht mehr sagen. Gel\u00e4chter, aber auch Buhrufe der Lokalpatrioten waren die Antwort. Halt, Missverst\u00e4ndnis! Der Tivoli geh\u00f6re zur Region Aachen, und die Soers sei nun auch Teil davon. Dass dies ganz entschieden ernst gemeint ist, erkennt man an ihrer Kandidatur im Frankenberger Viertel. 2004 holte sie dort das Direktmandat f\u00fcr den Stadtrat, diesmal soll es auch f\u00fcr die St\u00e4dteregion sein. CDU-Kandidat Philipp und SPD-Schultheis hatten bereits damals das Nachsehen. Es wird spannend am 7. Juni 2009!<\/p>\n<p><strong>Starkes Team<\/strong><\/p>\n<p>Auch die weiteren KandidatInnen auf den Pl\u00e4tzen vier bis 14 bringen hohe fachliche Qualit\u00e4ten und gro\u00dfes ehrenamtliches Engagement in den Wahlkampf ein:<\/p>\n<p>Auf Platz 4. Werner Krickel (Monschau) 5. Ingrid von Morandell (W\u00fcrselen) 6. Lars L\u00fcbben (Aachen) 7. Christa Heners(Roetgen) 8. Abdurrahman Kol (Eschweiler) 9. Eva Malecha (Alsdorf) 10. Marc Peters (W\u00fcrselen) 11. Silke Bastian (Aachen) 12. Folker Moschel (Herzogenrath) 13. Marita Stahl (Stolberg) 14. Rolf Beckers (Baesweiler). Auch die weiteren Positionen der Reserveliste wurden bis Platz 33 besetzt. Als Ziel bei der Wahl gab Thomas Griese 10 Sitze aus, &#8222;zw\u00f6lf w\u00e4ren mein Wunsch!&#8220;  <\/p>\n<p><strong>Direktkandidaturen in den Wahlkreisen<\/strong><\/p>\n<p>Auch die gr\u00fcnen KandidatInnen f\u00fcr die 36 regionalen Wahlkreise wurden gew\u00e4hlt. 15 davon liegen auf dem Stadtgebiet, 19 auf Kreisgebiet, und &#8211; Symbol der Kooperation &#8211; zwei gemeinsam auf der bisherigen Grenze. Damit wurden die personellen Voraussetzungen f\u00fcr einen erfolgreichen gr\u00fcnen Wahlkampf geschaffen.<\/p>\n<p><strong>Inhalte z\u00e4hlen &#8211; die St\u00e4dteregion wird GR\u00dcN<\/strong><\/p>\n<p>Die Debatten \u00fcber das gr\u00fcne Wahlprogramm sind weit fortgeschritten. Zu allen inhaltlichen Schwerpunkten wurden Ziele, Projekte und Forderungen entwickelt. Die n\u00e4chste gemeinsame Mitgliederversammlung am 26. Februar wird das Programm verabschieden. Ab dann hei\u00dft es k\u00e4mpfen &#8211; drei Monate volle Kraft voraus: die St\u00e4dteregion wird GR\u00dcN!<\/p><\/div>\n<p><span class=\"article_separator\"> <\/span><\/p>\n","protected":false},"excerpt":{"rendered":"<p>Dienstag, 20. Januar 2009 um 15:20 Aktuell Bericht: Jochen Luczak Von Links: A. Majewsky, Platz 1; W. Hoven, \u00e4ltestes Mitglied und Dr. Th. Griese, Platz 2 Am 17.1.09 haben die Gr\u00fcnen die DirektkandiatInnen und ihre Reserveliste f\u00fcr die Wahl zum St\u00e4dteregionstag 2009 gew\u00e4hlt. Spitzenkandidatin ist die bisherige stellvertretende Landr\u00e4tin Aggi Majewsky, die mit 87,6 % &#8230; <span class=\"more\"><a class=\"more-link\" href=\"https:\/\/www.thomas-griese-aachen.de\/?p=58\">[Read more&#8230;]<\/a><\/span><\/p>\n","protected":false},"author":3,"featured_media":0,"comment_status":"open","ping_status":"open","sticky":false,"template":"","format":"standard","meta":{"footnotes":""},"categories":[1],"tags":[],"class_list":{"0":"entry","1":"post","2":"publish","3":"author-thomasgriese","4":"post-58","6":"format-standard","7":"category-allgemein"},"_links":{"self":[{"href":"https:\/\/www.thomas-griese-aachen.de\/index.php?rest_route=\/wp\/v2\/posts\/58","targetHints":{"allow":["GET"]}}],"collection":[{"href":"https:\/\/www.thomas-griese-aachen.de\/index.php?rest_route=\/wp\/v2\/posts"}],"about":[{"href":"https:\/\/www.thomas-griese-aachen.de\/index.php?rest_route=\/wp\/v2\/types\/post"}],"author":[{"embeddable":true,"href":"https:\/\/www.thomas-griese-aachen.de\/index.php?rest_route=\/wp\/v2\/users\/3"}],"replies":[{"embeddable":true,"href":"https:\/\/www.thomas-griese-aachen.de\/index.php?rest_route=%2Fwp%2Fv2%2Fcomments&post=58"}],"version-history":[{"count":0,"href":"https:\/\/www.thomas-griese-aachen.de\/index.php?rest_route=\/wp\/v2\/posts\/58\/revisions"}],"wp:attachment":[{"href":"https:\/\/www.thomas-griese-aachen.de\/index.php?rest_route=%2Fwp%2Fv2%2Fmedia&parent=58"}],"wp:term":[{"taxonomy":"category","embeddable":true,"href":"https:\/\/www.thomas-griese-aachen.de\/index.php?rest_route=%2Fwp%2Fv2%2Fcategories&post=58"},{"taxonomy":"post_tag","embeddable":true,"href":"https:\/\/www.thomas-griese-aachen.de\/index.php?rest_route=%2Fwp%2Fv2%2Ftags&post=58"}],"curies":[{"name":"wp","href":"https:\/\/api.w.org\/{rel}","templated":true}]}}