{"id":52,"date":"2009-01-07T12:37:44","date_gmt":"2009-01-07T10:37:44","guid":{"rendered":"http:\/\/www.thomas-griese-aachen.de\/?p=52"},"modified":"2009-01-12T01:18:49","modified_gmt":"2009-01-11T23:18:49","slug":"kinderarmut-wirksam-bekampfen-kindergeld-fur-alle-kinder","status":"publish","type":"post","link":"https:\/\/www.thomas-griese-aachen.de\/?p=52","title":{"rendered":"Kinderarmut wirksam bek\u00e4mpfen &#8211; Kindergeld f\u00fcr alle Kinder"},"content":{"rendered":"<p>Die soziale Schieflage unserer Gesellschaft l\u00e4sst wirkt sich am schlimmsten auf Kinder aus. Fast jedes f\u00fcnfte Kind in der Bundesrepublik w\u00e4chst in materieller Armut auf.<\/p>\n<p>Bewundernswert ist, mit welchem Engagement gerade  viele Aachenerinnnen und Aachener vor Weihnachten mit Spenden und Unterst\u00fctzungsleistungen geholfen haben. Viele Hilfspakete sind gepackt, viele Hilfsaktionen gestartet und viele Spenden sind gegeben worden. Ermutigende Zeichen der sozialen Hilfsbereitschaft f\u00fcr diejenigen, die unsere Hilfe f\u00fcr ihre zuk\u00fcnftige Entwicklung besonders n\u00f6tig haben. Viele Kinder haben dank dieser Hilfe Freude und Wertsch\u00e4tzung erfahren.<\/p>\n<p>Diese Hilfe kann aber eine dauerhafte materielle Absicherung nicht ersetzen.<\/p>\n<p>Nun bringt das Neue Jahr bringt u.a. eine Kindergelderh\u00f6hung um zehn Euro auf mindestens 164 EUR pro Monat.<\/p>\n<p>Doch wer glaubt, alle w\u00fcrden den gleichen Erh\u00f6hungsbetrag bekommen, der irrt. Normalverdiener bekommen in der Tat zehn Euro mehr pro Monat. Ausgerechnet Hartz-IV-Empf\u00e4nger bekommen aber gar nichts, weil das ganze Kindergeld direkt auf die Hartz-IV-Bedarfss\u00e4tze angerechnet wird, so dass kein einziger zus\u00e4tzlicher Euro gezahlt wird. Hartz-IV-Kinder gehen also leer aus.<\/p>\n<p>Auf der anderen Seite kommt f\u00fcr die Spitzenverdiener pro Kind noch wesentlich mehr raus. Denn durch den  Kinderfreibetrag von jetzt 6.024 EUR, der in h\u00f6heren Einkommensgruppen an die Stelle des Kindergeldes tritt, ergibt sich eine staatliche monatliche Kinderzuwendung von rund 250 EUR pro Monat.<\/p>\n<p>So sieht die soziale Gerechtigkeit der gro\u00dfen Koalition in Berlin aus. Wird Zeit, dass sich daran was \u00e4ndert. Gelegenheit dazu gibt es in diesem Jahr!<\/p>\n","protected":false},"excerpt":{"rendered":"<p>Die soziale Schieflage unserer Gesellschaft l\u00e4sst wirkt sich am schlimmsten auf Kinder aus. Fast jedes f\u00fcnfte Kind in der Bundesrepublik w\u00e4chst in materieller Armut auf. Bewundernswert ist, mit welchem Engagement gerade viele Aachenerinnnen und Aachener vor Weihnachten mit Spenden und Unterst\u00fctzungsleistungen geholfen haben. Viele Hilfspakete sind gepackt, viele Hilfsaktionen gestartet und viele Spenden sind gegeben &#8230; <span class=\"more\"><a class=\"more-link\" href=\"https:\/\/www.thomas-griese-aachen.de\/?p=52\">[Read more&#8230;]<\/a><\/span><\/p>\n","protected":false},"author":3,"featured_media":0,"comment_status":"open","ping_status":"open","sticky":false,"template":"","format":"standard","meta":{"footnotes":""},"categories":[20],"tags":[31,30,67],"class_list":{"0":"entry","1":"post","2":"publish","3":"author-thomasgriese","4":"post-52","6":"format-standard","7":"category-soziales","8":"post_tag-kinder","9":"post_tag-kindergeld","10":"post_tag-soziales"},"_links":{"self":[{"href":"https:\/\/www.thomas-griese-aachen.de\/index.php?rest_route=\/wp\/v2\/posts\/52","targetHints":{"allow":["GET"]}}],"collection":[{"href":"https:\/\/www.thomas-griese-aachen.de\/index.php?rest_route=\/wp\/v2\/posts"}],"about":[{"href":"https:\/\/www.thomas-griese-aachen.de\/index.php?rest_route=\/wp\/v2\/types\/post"}],"author":[{"embeddable":true,"href":"https:\/\/www.thomas-griese-aachen.de\/index.php?rest_route=\/wp\/v2\/users\/3"}],"replies":[{"embeddable":true,"href":"https:\/\/www.thomas-griese-aachen.de\/index.php?rest_route=%2Fwp%2Fv2%2Fcomments&post=52"}],"version-history":[{"count":0,"href":"https:\/\/www.thomas-griese-aachen.de\/index.php?rest_route=\/wp\/v2\/posts\/52\/revisions"}],"wp:attachment":[{"href":"https:\/\/www.thomas-griese-aachen.de\/index.php?rest_route=%2Fwp%2Fv2%2Fmedia&parent=52"}],"wp:term":[{"taxonomy":"category","embeddable":true,"href":"https:\/\/www.thomas-griese-aachen.de\/index.php?rest_route=%2Fwp%2Fv2%2Fcategories&post=52"},{"taxonomy":"post_tag","embeddable":true,"href":"https:\/\/www.thomas-griese-aachen.de\/index.php?rest_route=%2Fwp%2Fv2%2Ftags&post=52"}],"curies":[{"name":"wp","href":"https:\/\/api.w.org\/{rel}","templated":true}]}}