{"id":462,"date":"2009-08-19T17:32:22","date_gmt":"2009-08-19T15:32:22","guid":{"rendered":"http:\/\/www.thomas-griese-aachen.de\/?p=462"},"modified":"2009-08-19T17:32:22","modified_gmt":"2009-08-19T15:32:22","slug":"erdgas-aus-der-biotonne-%e2%80%93-die-energie-derstadteregion-wird-erneuerbar","status":"publish","type":"post","link":"https:\/\/www.thomas-griese-aachen.de\/?p=462","title":{"rendered":"Erdgas aus der Biotonne &#8220; Die Energie derSt\u00e4dteRegion wird erneuerbar!"},"content":{"rendered":"<p><!--StartFragment--><\/p>\n<p class=\"MsoNormal\"><span>Vor mehr als einem Jahr hatten die gr\u00fcnen Aufsichtsratsmitglieder in der AWA Aggi Majewsky und ich den ersten Aufschlag gemacht: Wir forderten, die Verwertung von Bio- und Gr\u00fcnabf\u00e4llen aus der St\u00e4dteRegion in einer Biogasanlage. Oliver Krischer und Monika Kuck hatten das Projekt im ZEW &#8220; Aufsichtsrat vorangetrieben. Die Idee dahinter: Eine g\u00fcnstigere Entsorgung des Bio- und Gr\u00fcnabfalls und zus\u00e4tzliche Energieproduktion aus erneuerbaren Quellen.<\/span><\/p>\n<p class=\"MsoNormal\"><span>Was vor einem Jahr noch ein Vorschlag war, nimmt jetzt Konturen an.<\/span><\/p>\n<p class=\"MsoNormal\"><a href=\"http:\/\/www.thomas-griese-aachen.de\/wp-content\/uploads\/2009\/08\/biogas.jpg\"><img loading=\"lazy\" decoding=\"async\" class=\"aligncenter size-full wp-image-464\" title=\"biogas\" src=\"http:\/\/www.thomas-griese-aachen.de\/wp-content\/uploads\/2009\/08\/biogas.jpg\" alt=\"\" width=\"500\" height=\"357\" srcset=\"https:\/\/www.thomas-griese-aachen.de\/wp-content\/uploads\/2009\/08\/biogas.jpg 1024w, https:\/\/www.thomas-griese-aachen.de\/wp-content\/uploads\/2009\/08\/biogas-300x214.jpg 300w\" sizes=\"auto, (max-width: 500px) 100vw, 500px\" \/><\/a><\/p>\n<p class=\"MsoNormal\"><span>Bereits auf der Aufsichtsratssitzung im M\u00e4rz 2009 hat der Aufsichtsrat der AWA sein grunds\u00e4tzliches Okay gegeben, und der Gesch\u00e4ftsf\u00fchrung den Auftrag gegeben, eine Detailplanung in Auftrag zu geben und die Ausschreibung zu veranlassen. Eine zuvor durchgef\u00fchrte Wirtschaftlichkeitsberechnung hatte zu dem Ergebnis gef\u00fchrt, dass ein solches Projekt machbar und zu j\u00e4hrlichen Einsparungen bei der Bioabfallverwertung von mehreren Hundertausend EUR pro Jahr f\u00fchrt. Mehrere tausend Einwohner k\u00f6nnen mit dem durch das Biogas gewonnenen Strom versorgt werden.<\/span><\/p>\n<p class=\"MsoNormal\"><span>Mittlerweile ist ein Ingenieurb\u00fcro mit der Detailplanung und der Ausschreibung beauftragt. Letztere wird in wenigen Wochen erfolgen<\/span><\/p>\n<p class=\"MsoNormal\"><span>Auch wenn es noch weiterer Schritte zur Realisierung bedarf, freuen wir Gr\u00fcne in der St\u00e4dteRegion <span> <\/span>uns \u00fcber das Vorankommen dieses Projekts. <\/span><\/p>\n<p class=\"MsoNormal\"><span>Die Energie der St\u00e4dteRegion wird erneuerbar und diese Biogasanlage wird ein wichtiger Baustein auf dem weg dorthin.<\/span><\/p>\n<p class=\"MsoNormal\"><span>Und noch ein Erfolg: Das bekannte Aachener Strunx-Moderatorenduo Manfred Hammers und Rudi Zins haben das Ganze zu einem satirischen Kurzfilm verarbeitet. Motto: &#8222;Jute Kartoffeln kochen mit der Energie von &#8222;Jute Kartoffelschalen&#8220; (zu sehen u.a. auf <a href=\"http:\/\/www.gruene-aachen.de\">www.gruene-aachen.de<\/a> und in verschiedenen Kinos der St\u00e4dteRegion).<\/span><\/p>\n<p><!--EndFragment--><\/p>\n","protected":false},"excerpt":{"rendered":"<p>Vor mehr als einem Jahr hatten die gr\u00fcnen Aufsichtsratsmitglieder in der AWA Aggi Majewsky und ich den ersten Aufschlag gemacht: Wir forderten, die Verwertung von Bio- und Gr\u00fcnabf\u00e4llen aus der St\u00e4dteRegion in einer Biogasanlage. Oliver Krischer und Monika Kuck hatten das Projekt im ZEW &#8220; Aufsichtsrat vorangetrieben. Die Idee dahinter: Eine g\u00fcnstigere Entsorgung des Bio- &#8230; <span class=\"more\"><a class=\"more-link\" href=\"https:\/\/www.thomas-griese-aachen.de\/?p=462\">[Read more&#8230;]<\/a><\/span><\/p>\n","protected":false},"author":3,"featured_media":0,"comment_status":"open","ping_status":"closed","sticky":false,"template":"","format":"standard","meta":{"footnotes":""},"categories":[1],"tags":[],"class_list":{"0":"entry","1":"post","2":"publish","3":"author-thomasgriese","4":"post-462","6":"format-standard","7":"category-allgemein"},"_links":{"self":[{"href":"https:\/\/www.thomas-griese-aachen.de\/index.php?rest_route=\/wp\/v2\/posts\/462","targetHints":{"allow":["GET"]}}],"collection":[{"href":"https:\/\/www.thomas-griese-aachen.de\/index.php?rest_route=\/wp\/v2\/posts"}],"about":[{"href":"https:\/\/www.thomas-griese-aachen.de\/index.php?rest_route=\/wp\/v2\/types\/post"}],"author":[{"embeddable":true,"href":"https:\/\/www.thomas-griese-aachen.de\/index.php?rest_route=\/wp\/v2\/users\/3"}],"replies":[{"embeddable":true,"href":"https:\/\/www.thomas-griese-aachen.de\/index.php?rest_route=%2Fwp%2Fv2%2Fcomments&post=462"}],"version-history":[{"count":0,"href":"https:\/\/www.thomas-griese-aachen.de\/index.php?rest_route=\/wp\/v2\/posts\/462\/revisions"}],"wp:attachment":[{"href":"https:\/\/www.thomas-griese-aachen.de\/index.php?rest_route=%2Fwp%2Fv2%2Fmedia&parent=462"}],"wp:term":[{"taxonomy":"category","embeddable":true,"href":"https:\/\/www.thomas-griese-aachen.de\/index.php?rest_route=%2Fwp%2Fv2%2Fcategories&post=462"},{"taxonomy":"post_tag","embeddable":true,"href":"https:\/\/www.thomas-griese-aachen.de\/index.php?rest_route=%2Fwp%2Fv2%2Ftags&post=462"}],"curies":[{"name":"wp","href":"https:\/\/api.w.org\/{rel}","templated":true}]}}