{"id":45,"date":"2008-12-16T11:58:54","date_gmt":"2008-12-16T09:58:54","guid":{"rendered":"http:\/\/www.thomas-griese-aachen.de\/?p=45"},"modified":"2008-12-16T11:58:54","modified_gmt":"2008-12-16T09:58:54","slug":"kein-grosflachiger-staatswaldverkauf-in-der-eifel","status":"publish","type":"post","link":"https:\/\/www.thomas-griese-aachen.de\/?p=45","title":{"rendered":"Kein gro\u00dffl\u00e4chiger Staatswaldverkauf in der Eifel"},"content":{"rendered":"<p>Wir Gr\u00fcne in der St\u00e4dteregion kritisieren den von der Landesregierung geplanten Verkauf von \u00fcber 3000 Hektar Staatswald in der Eifel. Was wir immer bef\u00fcrchtet hatten, was die Landesregierung aber immer weit von sich gewiesen hat, kommt nun genauso: Die im Haushalt des NRW-Umweltministeriums veranschlagte Einnahme in H\u00f6he von 29 Mio. Euro f\u00fcr &#8222;Immobilienverk\u00e4ufe&#8220; ist getreu der Devise &#8222;Privat vor Staat&#8220; nichts anderes als der gro\u00dffl\u00e4chige Verkauf von wertvollem Staatswald. Die Landesregierung will mehrere tausend Hektar Wald in der Eifel im Kreis Euskirchen privatisieren. Einen Kaufinteressenten gibt es nach der Submission wohl auch schon.<\/p>\n<p>Als St\u00e4dteregionskandidat der Gr\u00fcnen sage ich dazu: &#8222;Das ist ein Verschleuderung von wertvollem Verm\u00f6gen, das allen B\u00fcrgerinnen und B\u00fcrgern des Landes NRW geh\u00f6rt.&#8220; Wir Gr\u00fcne in der St\u00e4dteregion bef\u00fcrchten, dass das nur der Anfang ist, gro\u00dffl\u00e4chig landeseigene Waldfl\u00e4chen zu verramschen. Davon k\u00f6nnte nicht nur landeseigener Wald in der St\u00e4dteregion, sondern in ganz NRW betroffen sein.<\/p>\n<p>W\u00e4hrend die fr\u00fchere Landesregierung eine Verpflichtung darin sah, Staatswaldfl\u00e4chen werterhaltend zu nutzen und durch Erschlie\u00dfung f\u00fcr Naturschutzzwecke wie den Nationalpark Eifel zus\u00e4tzliche wertsch\u00f6pfung durch naturnahen Tourismus zu erm\u00f6glichen, scheint jetzt der ausverkauf geplant zu sein.<\/p>\n<p>Doch der Waldverkauf st\u00f6\u00dft auf heftigen Widerstand, nicht nur von den B\u00fcrgermeistern und R\u00e4ten der betroffenen Region, sondern auch bei vielen B\u00fcrgern, Verb\u00e4nden und Vereinen. Auch das Bundesamt f\u00fcr Naturschutz lehnt den Verkauf ab, da es sich bei den Fl\u00e4chen zum Teil um durch europ\u00e4isches Recht gesch\u00fctzte Naturschutzgebiete (Flora-Fauna-Habitat-(FFH)-Gebiete) handelt, deren nat\u00fcrliche Entwicklung mit Geldern der EU gef\u00f6rdert wurde. So konnte sich der Verkauf auch finanziell zu einem Bumerang entwickeln, wenn F\u00f6rdergelder an EU zur\u00fcckgezahlt werden m\u00fcssen.<\/p>\n<p>F\u00fcr die Abwicklung des Gesch\u00e4fts braucht die Landesregierung allerdings die Zustimmung des Landtags, der bis Weihnachten entscheiden soll. <\/p>\n<p>Das muss verhindert werden, denn der Waldverkauf hat nichts mit nachhaltiger Politik zu tun.<\/p>\n","protected":false},"excerpt":{"rendered":"<p>Wir Gr\u00fcne in der St\u00e4dteregion kritisieren den von der Landesregierung geplanten Verkauf von \u00fcber 3000 Hektar Staatswald in der Eifel. Was wir immer bef\u00fcrchtet hatten, was die Landesregierung aber immer weit von sich gewiesen hat, kommt nun genauso: Die im Haushalt des NRW-Umweltministeriums veranschlagte Einnahme in H\u00f6he von 29 Mio. Euro f\u00fcr &#8222;Immobilienverk\u00e4ufe&#8220; ist getreu &#8230; <span class=\"more\"><a class=\"more-link\" href=\"https:\/\/www.thomas-griese-aachen.de\/?p=45\">[Read more&#8230;]<\/a><\/span><\/p>\n","protected":false},"author":3,"featured_media":0,"comment_status":"open","ping_status":"open","sticky":false,"template":"","format":"standard","meta":{"footnotes":""},"categories":[1],"tags":[69,68],"class_list":{"0":"entry","1":"post","2":"publish","3":"author-thomasgriese","4":"post-45","6":"format-standard","7":"category-allgemein","8":"post_tag-naturschutz","9":"post_tag-stadteregion"},"_links":{"self":[{"href":"https:\/\/www.thomas-griese-aachen.de\/index.php?rest_route=\/wp\/v2\/posts\/45","targetHints":{"allow":["GET"]}}],"collection":[{"href":"https:\/\/www.thomas-griese-aachen.de\/index.php?rest_route=\/wp\/v2\/posts"}],"about":[{"href":"https:\/\/www.thomas-griese-aachen.de\/index.php?rest_route=\/wp\/v2\/types\/post"}],"author":[{"embeddable":true,"href":"https:\/\/www.thomas-griese-aachen.de\/index.php?rest_route=\/wp\/v2\/users\/3"}],"replies":[{"embeddable":true,"href":"https:\/\/www.thomas-griese-aachen.de\/index.php?rest_route=%2Fwp%2Fv2%2Fcomments&post=45"}],"version-history":[{"count":0,"href":"https:\/\/www.thomas-griese-aachen.de\/index.php?rest_route=\/wp\/v2\/posts\/45\/revisions"}],"wp:attachment":[{"href":"https:\/\/www.thomas-griese-aachen.de\/index.php?rest_route=%2Fwp%2Fv2%2Fmedia&parent=45"}],"wp:term":[{"taxonomy":"category","embeddable":true,"href":"https:\/\/www.thomas-griese-aachen.de\/index.php?rest_route=%2Fwp%2Fv2%2Fcategories&post=45"},{"taxonomy":"post_tag","embeddable":true,"href":"https:\/\/www.thomas-griese-aachen.de\/index.php?rest_route=%2Fwp%2Fv2%2Ftags&post=45"}],"curies":[{"name":"wp","href":"https:\/\/api.w.org\/{rel}","templated":true}]}}