{"id":371,"date":"2009-07-28T15:56:10","date_gmt":"2009-07-28T13:56:10","guid":{"rendered":"http:\/\/www.thomas-griese-aachen.de\/?p=371"},"modified":"2009-08-12T16:43:01","modified_gmt":"2009-08-12T14:43:01","slug":"grun-verbindet-%e2%80%93-warum-es-auf-das-original-ankommt","status":"publish","type":"post","link":"https:\/\/www.thomas-griese-aachen.de\/?p=371","title":{"rendered":"Gr\u00fcn verbindet &#8220; warum es auf das Original ankommt"},"content":{"rendered":"<p><!--StartFragment--><\/p>\n<p class=\"MsoNormal\">In Diskussionen der letzten Zeit h\u00f6re ich ab und zu, es gebe doch gar keine gro\u00dfen Unterschiede zwischen den Parteien. Auch die anderen Parteien h\u00e4tten doch dazugelernt und w\u00fcrden sich zum Beispiel f\u00fcr Umweltschutz und erneuerbare Energien einsetzen.<\/p>\n<p class=\"MsoNormal\">Gr\u00fcn reden und gr\u00fcn handeln sind aber zwei verschiedene Dinge.<\/p>\n<p class=\"MsoNormal\">Denn immer wenn es konkret wird zeigt sich, dass es zwar es zwar auch bei anderen Parteien allgemeine &#8222;gr\u00fcne angestrichene&#8220; Bekenntnisse gibt, im konkreten Handeln aber das genaue Gegenteil praktiziert wird.<\/p>\n<p class=\"MsoNormal\">Dazu drei aktuelle Beispiele aus unserer St\u00e4dteRegion:<\/p>\n<p class=\"MsoNormal\">1. Ohne Zweifel ein wichtiges Zukunftsprojekt f\u00fcr unsere St\u00e4dteRegion ist der Campus Melaten. Bei der Planung der Verkehrserschliessung<span>  <\/span>bef\u00fcrwortet eine gro\u00dfe Koaltion aus SPD, CDU und FDP aber ausgerechnet die sogenannte Variante 2, mit der <strong>das wundersch\u00f6ne Naherholungsgebiet &#8222;Rabental&#8220; zu gro\u00dfen Teilen unwiederbringlich zerst\u00f6rt w\u00fcrde<\/strong>. Die Bekenntnisse zum Schutz von Natur und Umwelt erweisen sich als hohl und nicht ernst gemeint. Allein die GR\u00dcNEN haben sich in den zust\u00e4ndigen Aussch\u00fcssen des Stadtrates f\u00fcr die Variante 3 eingesetzt. Diese Variante hat den Vorteil, dass sie das f\u00fcr den Campus Melaten notwendige Bauvolumen in gleicher Weise erm\u00f6glicht, dabei aber nur in geringem Umfang in das Rabenteil eingreift.<\/p>\n<p class=\"MsoNormal\"><a href=\"http:\/\/www.thomas-griese-aachen.de\/wp-content\/uploads\/2009\/08\/bild-rabental.jpg\"><img loading=\"lazy\" decoding=\"async\" class=\"aligncenter size-full wp-image-433\" title=\"bild-rabental\" src=\"http:\/\/www.thomas-griese-aachen.de\/wp-content\/uploads\/2009\/08\/bild-rabental.jpg\" alt=\"\" width=\"500\" height=\"332\" srcset=\"https:\/\/www.thomas-griese-aachen.de\/wp-content\/uploads\/2009\/08\/bild-rabental.jpg 500w, https:\/\/www.thomas-griese-aachen.de\/wp-content\/uploads\/2009\/08\/bild-rabental-300x199.jpg 300w\" sizes=\"auto, (max-width: 500px) 100vw, 500px\" \/><\/a><\/p>\n<p class=\"MsoNormal\">\n<p class=\"MsoNormal\">\n<p class=\"MsoNormal\">\n<p class=\"MsoNormal\">\n<p class=\"MsoNormal\">Mittlerweile haben B\u00fcrgerinnen und B\u00fcrger im laufenden Bebauungsplanverfahren viele Einwendungen gegen diese naturzerst\u00f6rende Planung erhoben und bessere alternative<span>  <\/span>Erschliessungsvorschl\u00e4ge gemacht.<\/p>\n<p class=\"MsoNormal\"><strong>All das zeigt: Beim jetzt notwendigen Kampf um die Erhaltung des Rabentals ist nur auf die GR\u00dcNEN Verlass.<\/strong><\/p>\n<p class=\"MsoNormal\">\n<p class=\"MsoNormal\">2. Bekenntnisse zu Klimaschutz und erneuerbaren Energien liest man inzwischen auch in den Wahlprogrammen der mit uns konkurrierenden Parteien.<\/p>\n<p class=\"MsoNormal\">Wie ernst dies gemeint ist, zeigt sich immer dann, wenn konkrete Projekte bei den Erneuerbaren Energien anstehen. So geht es in der Stadt Aachen darum, weitere Windkraftstandorte f\u00fcr neue Windkraftanlagen auszuweisen. Mit uns\u00e4glichen Argumente wehren sich insbesondere CDU und FDP im zust\u00e4ndigen Umweltausschuss gegen neue Standorte oder Erweiterungen. So werden Mindestabst\u00e4nde von 1.500 Metern zu jeglicher Wohnbebauung aus &#8222;L\u00e4rmschutzgr\u00fcnden&#8220; gefordert.<\/p>\n<p class=\"MsoNormal\">Dabei wird unterschlagen, dass d<strong>ie zul\u00e4ssigen L\u00e4rmgrenzwerte bereits bei einem Bruchteil dieser Abst\u00e4nde zuverl\u00e4ssig eingehalten werden<\/strong>, und deshalb &#8220; wie in vielen Gerichtsurteilen ausgesprochen &#8220; ein Rechtsanspruch auf Genehmigung besteht. Zuletzt anl\u00e4sslich des Global Wind Day im Juni 2009 konnte ich mich bei Besichtigung der Windkraftanlagen in W\u00fcrselen am 13.6.2009 davon \u00fcberzeugen, dass selbst direkt unter einer laufenden Windkraftanlage der dadurch verursachte L\u00e4rm kaum ins Gewicht f\u00e4llt. Jedem Skeptiker empfehle ich, sich einmal unmittelbar unter ein laufendes Windrad zu stellen.<\/p>\n<p class=\"MsoNormal\"><a href=\"http:\/\/www.thomas-griese-aachen.de\/wp-content\/uploads\/2009\/07\/global-wind-day.jpg\"><img loading=\"lazy\" decoding=\"async\" class=\"aligncenter size-medium wp-image-373\" title=\"global-wind-day\" src=\"http:\/\/www.thomas-griese-aachen.de\/wp-content\/uploads\/2009\/07\/global-wind-day-300x224.jpg\" alt=\"\" width=\"300\" height=\"224\" srcset=\"https:\/\/www.thomas-griese-aachen.de\/wp-content\/uploads\/2009\/07\/global-wind-day-300x224.jpg 300w, https:\/\/www.thomas-griese-aachen.de\/wp-content\/uploads\/2009\/07\/global-wind-day.jpg 448w\" sizes=\"auto, (max-width: 300px) 100vw, 300px\" \/><\/a><\/p>\n<p class=\"MsoNormal\">Ein anderes Beispiel ist das von uns <strong>GR\u00dcNEN angestossene Projekt einer gro\u00dfen Biogasanlage, die aus den Bio- und Gr\u00fcnabf\u00e4llen der St\u00e4dteRegion Biogas erzeugen soll.<\/strong> Hier sind es die Vertreter der Kreis-SPD, die insbesondere in den Gremien der Abfallwirtschat Aachen (AWA) das Vorhaben zu torpedieren suchen. Offenbar wird Konkurrenz zur Braunkohle bef\u00fcrchtet.<\/p>\n<p class=\"MsoNormal\"><strong>Erneuerbare Energien und Klimaschutz kommen nur durch original gr\u00fcne Hartn\u00e4ckigkeit voran.<\/strong><\/p>\n<p class=\"MsoNormal\">\n<p class=\"MsoNormal\">3. Abschlie\u00dfend ein Beispiel aus einem anderen Politiktfeld, der Integrationspolitik. Die Bundesrepublik ist seit mehr als 50 Jahren ein Einwanderungsland und in j\u00fcngster Vergangenheit haben dies endlich die anderen Parteien, zuletzt auch die CDU <span> <\/span>ausweislich ihrer programmatischen Aussagen akzeptiert. Bei der Formulierung und Beratung des Integrationskonzeptes im Kreistag zeigt sich dann aber, dass unter Integration vor allem die Vorteile f\u00fcr die Wirtschaft und Anpassung verstanden werden. Es bedurfte erst gr\u00fcner Intervention, um deutlich zu machen, dass Integration ein wechselseitiger Prozess und keine Unterordnung ist, und dass die Chance gerade in kultureller Vielfalt und Weltoffenheit besteht.<\/p>\n<p><span><strong>Die Beispiele zeigen: &#8222;Gr\u00fcn gef\u00e4rbte Lippenbekenntnisse&#8220; helfen nicht, es kommt schon auf &#8222;original gr\u00fcnes&#8220; Handeln an. <\/strong><\/span><\/p>\n<p><!--EndFragment--><strong><\/strong><\/p>\n","protected":false},"excerpt":{"rendered":"<p>In Diskussionen der letzten Zeit h\u00f6re ich ab und zu, es gebe doch gar keine gro\u00dfen Unterschiede zwischen den Parteien. Auch die anderen Parteien h\u00e4tten doch dazugelernt und w\u00fcrden sich zum Beispiel f\u00fcr Umweltschutz und erneuerbare Energien einsetzen. Gr\u00fcn reden und gr\u00fcn handeln sind aber zwei verschiedene Dinge. Denn immer wenn es konkret wird zeigt &#8230; <span class=\"more\"><a class=\"more-link\" href=\"https:\/\/www.thomas-griese-aachen.de\/?p=371\">[Read more&#8230;]<\/a><\/span><\/p>\n","protected":false},"author":3,"featured_media":0,"comment_status":"open","ping_status":"closed","sticky":false,"template":"","format":"standard","meta":{"footnotes":""},"categories":[1],"tags":[],"class_list":{"0":"entry","1":"post","2":"publish","3":"author-thomasgriese","4":"post-371","6":"format-standard","7":"category-allgemein"},"_links":{"self":[{"href":"https:\/\/www.thomas-griese-aachen.de\/index.php?rest_route=\/wp\/v2\/posts\/371","targetHints":{"allow":["GET"]}}],"collection":[{"href":"https:\/\/www.thomas-griese-aachen.de\/index.php?rest_route=\/wp\/v2\/posts"}],"about":[{"href":"https:\/\/www.thomas-griese-aachen.de\/index.php?rest_route=\/wp\/v2\/types\/post"}],"author":[{"embeddable":true,"href":"https:\/\/www.thomas-griese-aachen.de\/index.php?rest_route=\/wp\/v2\/users\/3"}],"replies":[{"embeddable":true,"href":"https:\/\/www.thomas-griese-aachen.de\/index.php?rest_route=%2Fwp%2Fv2%2Fcomments&post=371"}],"version-history":[{"count":0,"href":"https:\/\/www.thomas-griese-aachen.de\/index.php?rest_route=\/wp\/v2\/posts\/371\/revisions"}],"wp:attachment":[{"href":"https:\/\/www.thomas-griese-aachen.de\/index.php?rest_route=%2Fwp%2Fv2%2Fmedia&parent=371"}],"wp:term":[{"taxonomy":"category","embeddable":true,"href":"https:\/\/www.thomas-griese-aachen.de\/index.php?rest_route=%2Fwp%2Fv2%2Fcategories&post=371"},{"taxonomy":"post_tag","embeddable":true,"href":"https:\/\/www.thomas-griese-aachen.de\/index.php?rest_route=%2Fwp%2Fv2%2Ftags&post=371"}],"curies":[{"name":"wp","href":"https:\/\/api.w.org\/{rel}","templated":true}]}}