{"id":368,"date":"2009-07-21T23:47:24","date_gmt":"2009-07-21T21:47:24","guid":{"rendered":"http:\/\/www.thomas-griese-aachen.de\/?p=368"},"modified":"2009-07-21T23:47:24","modified_gmt":"2009-07-21T21:47:24","slug":"der-sommer-wird-gruen-das-gruene-sommerprogramm","status":"publish","type":"post","link":"https:\/\/www.thomas-griese-aachen.de\/?p=368","title":{"rendered":"Der Sommer wird GRUEN &#8211; Das GRUENE Sommerprogramm"},"content":{"rendered":"<hr \/>\n<p><strong><span style=\"font-size: medium;\">Warum in die Ferne schweifen\u00e2\u20ac\u00a6?<br \/>\n<\/span><\/strong><\/p>\n<p>Unsere St\u00e4dteRegion hat viele sch\u00f6ne Seiten, die anzusehen sich lohnt: Landschaften und Geb\u00e4ude, seltene Tiere und Pflanzen, Geschichte und Kultur, die Vielfalt der St\u00e4dteRegion ist einzigartig.<\/p>\n<p>Wir laden Sie ein, mit uns die St\u00e4dteRegion zu erkunden, zu Fu\u00df, mit dem Rad oder, mit ein bisschen Gl\u00fcck, sogar von oben, aus dem Hei\u00dfluftballon.<\/p>\n<p>Mit unseren Angeboten vom Venn bis zur Halde Carl Alexander, vom Schlangenberg bis zum Wurmtal, m\u00f6chten wir f\u00fcr unsere Ideen und \u00dcberzeugungen werben: f\u00fcr Umwelt- und Naturschutz, f\u00fcr Radfahren und Wandern als schonende und erlebnisreiche Urlaubs- und Freizeitgestaltung, f\u00fcr den Erhalt von Kulturg\u00fctern, f\u00fcr einen Internationalpark Eifel\u00e2\u20ac\u00a6<\/p>\n<p>\u00e2\u20ac\u00a6f\u00fcr eine GR\u00dcNE St\u00e4dteRegion<br \/>\nAachen<\/p>\n<p><strong><span style=\"font-size: medium;\">\u00dcbersicht des Ausflugsprogramms<\/span><\/strong><\/p>\n<p>Sonntag, 26. Juli 2009<br \/>\n<strong>Die Schl\u00f6sser an der Wurm<\/strong><\/p>\n<p>Gef\u00fchrte Radwandertour, Rundfahrt, ca. 35 km, \u00fcberwiegend flach<br \/>\nTreffpunkt:, 11 Uhr, Baesweiler Reyplatz<\/p>\n<p>Wie Perlen auf einer Schnur liegen sie im idyllischen Wurmtal: Burgen und Schl\u00f6sser. Manche Namen sind bekannter wie z.B. Rimburg, Trips oder Leerodt. Aber wo hat die verschwundene Burg Opheim gestanden? Bekanntes und weniger Bekanntes gibt es im Rahmen dieser gem\u00fctlichen Sonntagsradtour zu entdecken. Bitte Verpflegung f\u00fcr unterwegs mitbringen.<br \/>\nWeitere Infos unter 02401\/4533.<br \/>\nSamstag, 8. August 2009<br \/>\n<strong>Auf B\u00e4renpirsch im Carl-Alexander-Park<\/strong><\/p>\n<p>Naturf\u00fchrung auf die Halde Carl-Alexander, ca. 2 Std.<br \/>\nTreffpunkt: 16 Uhr, Baesweiler, Carl-Alexander-Park: Bergfoyer (rotes Geb\u00e4ude)<\/p>\n<p>Gibt es Schmetterlinge mit wei\u00df durchstreiften schwarzen Oberfl\u00fcgeln und schwarz gefleckten blutroten Unterfl\u00fcgeln? Ja, die gibt\u00e2\u20ac\u2122s. Der deutsche Name dieser Art lautet Russischer B\u00e4r. Diese und andere seltenen Arten wie z.B. Heuschrecken mit blauen Fl\u00fcgeln sind im Naturschutzgebiet Halde Carl-Alexander in Baesweiler zu finden. Im Rahmen einer Naturf\u00fchrung f\u00fcr jung und alt geht es auf &#8222;Expedition&#8220;.<br \/>\nInfos unter 02401\/4533<\/p>\n<p>Sonntag, 9. August 2009<br \/>\n<strong>Von Monschau durch das Hohe Venn<br \/>\n<\/strong><br \/>\nGef\u00fchrte Radwandertour durch das Hohe Venn und verschiedene Bacht\u00e4ler. L\u00e4nge ca. 35 km mit einigen l\u00e4ngeren Steigungen<br \/>\nTreffpunkt: 10.00 Uhr Monschau Schwimmhalle<br \/>\nN\u00e4here Infos unter <a href=\"http:\/\/www.gruene-monschau.de\/\">www.gruene-monschau.de <\/a><br \/>\nTel.: 02472\/912874<\/p>\n<p>Mittwoch, 12. August 2009<br \/>\n<strong>Wanderung im Wurmtal<\/strong><\/p>\n<p>ca. 12 km, teilweise h\u00fcgelig<br \/>\nTreffpunkt: 12.8.2009, 10 Uhr, am Gut Paulinenw\u00e4ldchen, Zum Blauen Stein, Aachen-Nord (bei Berensberg)<\/p>\n<p>Die Wanderung f\u00fchrt \u00fcber eine ausgesprochen idyllische Rundwanderstrecke durch das Naturschutzgebiet Wurmtal. Ziel ist die im 13. Jahrhundert errichtete Burg Wilhelmstein. Der R\u00fcckweg verl\u00e4uft auf der anderen Seite der Wurm zur\u00fcck zum Blauen Stein. Es besteht die M\u00f6glichkeit, sich vorher im Hofladen mit frischem Obst und Wanderproviant in Bioqualit\u00e4t zu versorgen.<br \/>\nWeitere Infos unter 02401\/4533 oder 0241\/1603808.<\/p>\n<p>Sonntag, 16. Aug. 2009<br \/>\n<strong>Schwarze Vergangenheit  &#8211; Steinkohlezechen im Aachener Norden<\/strong><\/p>\n<p>Gef\u00fchrte Radwandertour, Rundfahrt, ca. 35 km, \u00fcberwiegend flach<br \/>\nBesonderer Gast: Reiner Priggen MdL<br \/>\nTreffpunkt: 11 Uhr, Bahnhof Herzogenrath, Anfahrt mit der Euregiobahn m\u00f6glich<\/p>\n<p>Jahrhunderte lang haben Steinkohlezechen das Bild der Region n\u00f6rdlich von Aachen gepr\u00e4gt, haben zehntausenden Menschen einen Arbeitsplatz gegeben. Heute ist nur noch wenig vorhanden, was an den Steinkohlenbergbau erinnert. An manchen Orten besteht die M\u00f6glichkeit einzelne Geb\u00e4ude oder Anlagen zu besichtigen. Bitte hierf\u00fcr etwas Zeit einplanen und Verpflegung f\u00fcr unterwegs mitbringen.<br \/>\nWeitere Infos unter 02401\/4533 oder 0241\/1603808.<\/p>\n<p>Samstag, 22. August 2009 in Alsdorf<br \/>\n<strong>Wir geben Anst\u00f6\u00dfe!<\/strong><br \/>\n1. Offenes Alsdorfer Bouleturnier<br \/>\nTreffpunkt: Parkplatz Haus Broichtal,<br \/>\nAlsdorf, Herrenweg 1, Startgeld p. P.: 3,00 EUR<\/p>\n<p>Es wird in 2er-Teams gespielt. Einzelpersonen sind ebenfalls willkommen, um sich dann zu 2er-Teams zusammen zu finden. Turnierdauer und Beginn werden rechtzeitig bekannt gegeben. Die ersten drei Gewinnerteams werden pr\u00e4miert. Dieses Spiel eignet sich auch f\u00fcr Menschen mit Behinderung. Kugeln k\u00f6nnen gegen eine Kaution gestellt werden.<br \/>\nAnmeldung und n\u00e4here Informationen:<br \/>\nB\u00e2\u20ac\u02dc90\/DIE GR\u00dcNEN Alsdorf, Annastr. 17<br \/>\nTel: 02404 86535, Fax: 02404 93798<br \/>\ne-mail : gruene-alsdorf(at)t-online(dot)de<\/p>\n<p>Sonntag, 22. August 2009 in Herzogernath<br \/>\n<strong>25 Jahre GR\u00dcNE in Herzogenrath<\/strong><\/p>\n<p>Ab 15.00 Uhr GR\u00dcNES Geburtstagsfest im k\u00fcnftigen &#8222;Generationenpark&#8220;, Kohlscheid, Roermonder Str. (ehemal. Villa Burkhard, EBV-Gel\u00e4nde)<br \/>\nInfos unter <a href=\"http:\/\/www.gruene-herzogenrath.de\/\">www.gruene-herzogenrath.de <\/a><\/p>\n<p>Sonntag, 23. August 2009<br \/>\n<strong>Naturjuwelen am Rande einer alten Industriestadt<\/strong><\/p>\n<p>Wanderung mit Bettina Herlitzius MdB  auf dem Schlangenberg, ca. 3 Std.<br \/>\nTreffpunkt: 11 .45 Uhr, Informationszentrum Schlangenberg, Stolberg Breiniger Berg (ehemalige Hauptschule), Endpunkt Biologische Station, Zweifallerstra\u00dfe in Stolberg.<\/p>\n<p>Anfahrt z.B. von Aachen mit der Euregiobahn: 11.02 ab AC-Hbf , 11.24 an Stolberg M\u00fchlener Bahnhof, Umsteigen 11.31 Buslinie 61, Zustiegsm\u00f6glichkeit an der Biologischen Station, Haltestelle Binsfeldhammer 11.38, Ankunft Breiniger Berg 11.42<\/p>\n<p>Anfahrt mit dem PKW zur Biologischen Station, 11.38 Linie 61 ab Binsfeldhammer, Ankunft Breiniger Berg 11.42<\/p>\n<p>F\u00fcr die R\u00fcckfahrt zum M\u00fchlener Bahnhof gibt es ab der Haltestelle Binsfeldhammer mit den Linien 1 und 61<\/p>\n<p>Der GR\u00dcNE Hei\u00dfluftballon ist  gleich zweimal in der St\u00e4dteRegion zu sehen:<\/p>\n<p>Freitag, 7. August 2009<br \/>\n<strong>Start GR\u00dcNER Hei\u00dfluftballon, Landeplatz Merzbr\u00fcck<\/strong><\/p>\n<p>Start ca. 19.00 Uhr<br \/>\nZwei Pl\u00e4tze zum Mitfahren werden ausgelost. Teilnahmebedingungen und Infos unter <a href=\"http:\/\/www.gruene-wuerselen.de\/\">www.gruene-wuerselen.de<\/a><\/p>\n<p>Sonntag, 23. August 2009 in Roetgen<br \/>\n<strong>Start GR\u00dcNER Hei\u00dfluftballon in Roetgen<\/strong><\/p>\n<p>Treffpunkt: 16.00 Uhr,<br \/>\nRoetgen, Faulenbruchstra\u00dfe, H\u00f6he Haus Nr. 46<br \/>\nEin Platz zum Mitfahren wird unter den TeilnehmerInnen eines Preisausschreibens verlost.<br \/>\nInfos unter <a href=\"http:\/\/www.gruene-roetgen.de\/\">www.gruene-roetgen.de<\/a><br \/>\n<em><br \/>\nGewinnen Sie eine Ballonfahrt am 7.August 2009 in Merzbr\u00fcck.  Schicken Sie eine Email an ernst-christoph(dot)simon(at)t-online(dot)de.<\/em><\/p>\n<p><em>Die Verlosung findet am 5.8.2009 statt. Die GewinnerIn wird dann kurzfristig informiert.<\/em><br \/>\n\u00c4nderungen im Programm behalten wir uns vor. Bitte beachten Sie die aktuellen Informationen auf unsere Internetseiten.<\/p>\n<p>www.gruene-region-aachen.de<\/p>\n","protected":false},"excerpt":{"rendered":"<p>Warum in die Ferne schweifen\u00e2\u20ac\u00a6? Unsere St\u00e4dteRegion hat viele sch\u00f6ne Seiten, die anzusehen sich lohnt: Landschaften und Geb\u00e4ude, seltene Tiere und Pflanzen, Geschichte und Kultur, die Vielfalt der St\u00e4dteRegion ist einzigartig. Wir laden Sie ein, mit uns die St\u00e4dteRegion zu erkunden, zu Fu\u00df, mit dem Rad oder, mit ein bisschen Gl\u00fcck, sogar von oben, aus &#8230; <span class=\"more\"><a class=\"more-link\" href=\"https:\/\/www.thomas-griese-aachen.de\/?p=368\">[Read more&#8230;]<\/a><\/span><\/p>\n","protected":false},"author":3,"featured_media":0,"comment_status":"open","ping_status":"closed","sticky":false,"template":"","format":"standard","meta":{"footnotes":""},"categories":[1],"tags":[],"class_list":{"0":"entry","1":"post","2":"publish","3":"author-thomasgriese","4":"post-368","6":"format-standard","7":"category-allgemein"},"_links":{"self":[{"href":"https:\/\/www.thomas-griese-aachen.de\/index.php?rest_route=\/wp\/v2\/posts\/368","targetHints":{"allow":["GET"]}}],"collection":[{"href":"https:\/\/www.thomas-griese-aachen.de\/index.php?rest_route=\/wp\/v2\/posts"}],"about":[{"href":"https:\/\/www.thomas-griese-aachen.de\/index.php?rest_route=\/wp\/v2\/types\/post"}],"author":[{"embeddable":true,"href":"https:\/\/www.thomas-griese-aachen.de\/index.php?rest_route=\/wp\/v2\/users\/3"}],"replies":[{"embeddable":true,"href":"https:\/\/www.thomas-griese-aachen.de\/index.php?rest_route=%2Fwp%2Fv2%2Fcomments&post=368"}],"version-history":[{"count":0,"href":"https:\/\/www.thomas-griese-aachen.de\/index.php?rest_route=\/wp\/v2\/posts\/368\/revisions"}],"wp:attachment":[{"href":"https:\/\/www.thomas-griese-aachen.de\/index.php?rest_route=%2Fwp%2Fv2%2Fmedia&parent=368"}],"wp:term":[{"taxonomy":"category","embeddable":true,"href":"https:\/\/www.thomas-griese-aachen.de\/index.php?rest_route=%2Fwp%2Fv2%2Fcategories&post=368"},{"taxonomy":"post_tag","embeddable":true,"href":"https:\/\/www.thomas-griese-aachen.de\/index.php?rest_route=%2Fwp%2Fv2%2Ftags&post=368"}],"curies":[{"name":"wp","href":"https:\/\/api.w.org\/{rel}","templated":true}]}}