{"id":343,"date":"2009-07-02T10:15:33","date_gmt":"2009-07-02T08:15:33","guid":{"rendered":"http:\/\/www.thomas-griese-aachen.de\/?p=343"},"modified":"2009-07-02T10:15:33","modified_gmt":"2009-07-02T08:15:33","slug":"bildung-fur-alle","status":"publish","type":"post","link":"https:\/\/www.thomas-griese-aachen.de\/?p=343","title":{"rendered":"Bildung f\u00fcr alle"},"content":{"rendered":"<p>Studierende, Sch\u00fclerinnen und Sch\u00fcler haben sich zusammengetan, um bundesweit &#8211; auch in der Region Aachen &#8211; gegen die unhaltbaren Zust\u00e4nde im deutschen Bildungssystemzu demonstrieren &#8211; und sie haben Recht!<\/p>\n<p align=\"right\"><ins><\/ins><\/p>\n<p>Unser dreigliedriges Schulsystem ist r\u00fcckst\u00e4ndig, vor allem die v\u00f6llig misslungene Einf\u00fchrung des Turboabis macht die Situation an Schulen miserabel, die Klassen sind zu gro\u00df, Lehrer fehlen, die soziale Selektion verhindert Chancengleicheit, die Umstellung auf Bachelor- und Master-Abschl\u00fcsse bringt\u00e2\u20ac\u2122s an den Unis \u00fcberhaupt nicht, Studiengeb\u00fchren sind falsch und, und, und &#8220; die Liste der Missst\u00e4nde in der Schul- und Hochschulpolitik l\u00e4sst sich beliebig fortsetzen. Deshalb sagen auch die Gr\u00fcnen NRW: Studierende, Sch\u00fclerinnen und Sch\u00fcler haben Recht &#8220; der Bildungsstreik ist richtig und notwendig!<\/p>\n<p>Immer noch sind Landes- und Bundesregierung nicht bereit, die notwendigen Korrekturen vorzunehmen. Als Gr\u00fcne wollen wir aber ideologische Schranken im Bildungssystem abbauen, handwerkliche Fehler bei der Umstrukturierung der Studieng\u00e4nge beseitigen und die Finanzierung der Bildungseinrichtungen deutlich verbessern.<br \/>\nDenn: Investitionen in die Bildung und damit in die Zukunftschancen junger Menschen sind nicht trotz, sondern gerade auch wegen der Wirtschaftskrise das beste Zukunftsprogramm. Deshalb sehen wir die L\u00f6sung der Krise mit unserem Gr\u00fcnen New Deal gerade in Investitionen in den Bildungsbereich und den Klimaschutz. Deutschland nimmt in der EU Platz 25 bei den Bildungsausgaben ein.<\/p>\n","protected":false},"excerpt":{"rendered":"<p>Studierende, Sch\u00fclerinnen und Sch\u00fcler haben sich zusammengetan, um bundesweit &#8211; auch in der Region Aachen &#8211; gegen die unhaltbaren Zust\u00e4nde im deutschen Bildungssystemzu demonstrieren &#8211; und sie haben Recht! Unser dreigliedriges Schulsystem ist r\u00fcckst\u00e4ndig, vor allem die v\u00f6llig misslungene Einf\u00fchrung des Turboabis macht die Situation an Schulen miserabel, die Klassen sind zu gro\u00df, Lehrer fehlen, &#8230; <span class=\"more\"><a class=\"more-link\" href=\"https:\/\/www.thomas-griese-aachen.de\/?p=343\">[Read more&#8230;]<\/a><\/span><\/p>\n","protected":false},"author":3,"featured_media":0,"comment_status":"open","ping_status":"closed","sticky":false,"template":"","format":"standard","meta":{"footnotes":""},"categories":[1],"tags":[],"class_list":{"0":"entry","1":"post","2":"publish","3":"author-thomasgriese","4":"post-343","6":"format-standard","7":"category-allgemein"},"_links":{"self":[{"href":"https:\/\/www.thomas-griese-aachen.de\/index.php?rest_route=\/wp\/v2\/posts\/343","targetHints":{"allow":["GET"]}}],"collection":[{"href":"https:\/\/www.thomas-griese-aachen.de\/index.php?rest_route=\/wp\/v2\/posts"}],"about":[{"href":"https:\/\/www.thomas-griese-aachen.de\/index.php?rest_route=\/wp\/v2\/types\/post"}],"author":[{"embeddable":true,"href":"https:\/\/www.thomas-griese-aachen.de\/index.php?rest_route=\/wp\/v2\/users\/3"}],"replies":[{"embeddable":true,"href":"https:\/\/www.thomas-griese-aachen.de\/index.php?rest_route=%2Fwp%2Fv2%2Fcomments&post=343"}],"version-history":[{"count":0,"href":"https:\/\/www.thomas-griese-aachen.de\/index.php?rest_route=\/wp\/v2\/posts\/343\/revisions"}],"wp:attachment":[{"href":"https:\/\/www.thomas-griese-aachen.de\/index.php?rest_route=%2Fwp%2Fv2%2Fmedia&parent=343"}],"wp:term":[{"taxonomy":"category","embeddable":true,"href":"https:\/\/www.thomas-griese-aachen.de\/index.php?rest_route=%2Fwp%2Fv2%2Fcategories&post=343"},{"taxonomy":"post_tag","embeddable":true,"href":"https:\/\/www.thomas-griese-aachen.de\/index.php?rest_route=%2Fwp%2Fv2%2Ftags&post=343"}],"curies":[{"name":"wp","href":"https:\/\/api.w.org\/{rel}","templated":true}]}}