{"id":2582,"date":"2025-02-20T21:25:41","date_gmt":"2025-02-20T21:25:41","guid":{"rendered":"https:\/\/www.thomas-griese-aachen.de\/?p=2582"},"modified":"2025-02-20T21:25:41","modified_gmt":"2025-02-20T21:25:41","slug":"bundestagswahl-2025-erst-und-zweitstimme-gruen","status":"publish","type":"post","link":"https:\/\/www.thomas-griese-aachen.de\/?p=2582","title":{"rendered":"Bundestagswahl 2025 &#8211; Erst- und Zweitstimme GR\u00dcN"},"content":{"rendered":"\n<figure class=\"wp-block-image size-full\"><a href=\"https:\/\/www.thomas-griese-aachen.de\/wp-content\/uploads\/2025\/02\/IMG_2190.jpeg\"><img loading=\"lazy\" decoding=\"async\" width=\"991\" height=\"378\" src=\"https:\/\/www.thomas-griese-aachen.de\/wp-content\/uploads\/2025\/02\/IMG_2190.jpeg\" alt=\"\" class=\"wp-image-2583\" srcset=\"https:\/\/www.thomas-griese-aachen.de\/wp-content\/uploads\/2025\/02\/IMG_2190.jpeg 991w, https:\/\/www.thomas-griese-aachen.de\/wp-content\/uploads\/2025\/02\/IMG_2190-300x114.jpeg 300w, https:\/\/www.thomas-griese-aachen.de\/wp-content\/uploads\/2025\/02\/IMG_2190-768x293.jpeg 768w\" sizes=\"auto, (max-width: 991px) 100vw, 991px\" \/><\/a><\/figure>\n\n\n\n<p><strong><em>AM 23. FEBRUAR LUKAS BENNER UND DIE GR\u00dcNEN W\u00c4HLEN!<\/em><\/strong><\/p>\n\n\n\n<p><strong><em>LIEBE B\u00dcRGERINNEN UND B\u00dcRGER,<\/em><\/strong><\/p>\n\n\n\n<p><strong>am 23. Februar wird Ihre Stimme mit dar\u00fcber entscheiden, welche Richtung dieses Land einschl\u00e4gt: Zur\u00fcck zu einer Politik, die auf Verschlei\u00df f\u00e4hrt und den Kopf in den Sand&nbsp;steckt? Oder gehen wir die gro\u00dfen Herausforderungen weiter entschlossen an?<\/strong><\/p>\n\n\n\n<p><strong>Dank uns GR\u00dcNEN gab es nach sechzehn Jahren CDU-gef\u00fchrter Regierungen endlich wichtige Fortschritte: Die Erneuerbaren Energien werden im Rekordtempo ausgebaut.&nbsp;<\/strong><\/p>\n\n\n\n<p><strong>Das Deutschlandticket schafft bezahlbare Mobilit\u00e4t. Und Robert Habeck hat die Bundesrepublik nach dem russischen Einmarsch in die Ukraine sicher durch eine der gr\u00f6\u00dften Krisen ihrer Geschichte gebracht.<\/strong><\/p>\n\n\n\n<p><strong>Jetzt geht es darum, die Modernisierung unseres Landes mit gro\u00dfer Kraft weiter voranzutreiben. Dazu will ich meinen Teil beitragen \u2013 mit Zuversicht und f\u00fcr Zusammenhalt.<\/strong><\/p>\n\n\n\n<p><strong>LUKAS BENNER EUER DIREKTKANDIDAT<\/strong><\/p>\n\n\n\n<p><strong><em>F\u00dcR DEN WAHLKREIS AACHEN I<\/em><\/strong><\/p>\n\n\n\n<figure class=\"wp-block-image size-full\"><a href=\"https:\/\/www.thomas-griese-aachen.de\/wp-content\/uploads\/2025\/02\/IMG_2191.png\"><img loading=\"lazy\" decoding=\"async\" width=\"991\" height=\"991\" src=\"https:\/\/www.thomas-griese-aachen.de\/wp-content\/uploads\/2025\/02\/IMG_2191.png\" alt=\"\" class=\"wp-image-2585\" srcset=\"https:\/\/www.thomas-griese-aachen.de\/wp-content\/uploads\/2025\/02\/IMG_2191.png 991w, https:\/\/www.thomas-griese-aachen.de\/wp-content\/uploads\/2025\/02\/IMG_2191-300x300.png 300w, https:\/\/www.thomas-griese-aachen.de\/wp-content\/uploads\/2025\/02\/IMG_2191-150x150.png 150w, https:\/\/www.thomas-griese-aachen.de\/wp-content\/uploads\/2025\/02\/IMG_2191-768x768.png 768w\" sizes=\"auto, (max-width: 991px) 100vw, 991px\" \/><\/a><\/figure>\n\n\n\n<p><strong><em>Wof\u00fcr ich mich einsetze:<\/em><\/strong><\/p>\n\n\n\n<p><strong>\u2022 Investitionen in die Zukunft \u2013 sichere und moderne Infrastruktur f\u00fcr alle<\/strong><\/p>\n\n\n\n<p><strong>\u2022 Starke und innovative Wirtschaft \u2013&nbsp;Investitionspr\u00e4mie und B\u00fcrokratieabbau<\/strong><\/p>\n\n\n\n<p><strong>\u2022 Wohnen bezahlbar machen \u2013 f\u00fcr eine Verl\u00e4ngerung der Mietpreisbremse<\/strong><\/p>\n\n\n\n<p><strong>\u2022 Klima und Natur sch\u00fctzen \u2013 f\u00fcr saubere und g\u00fcnstige Energie<\/strong><\/p>\n\n\n\n<p><strong>\u2022 Frieden in Freiheit \u2013 f\u00fcr ein sicheres und geeintes Europa<\/strong><\/p>\n\n\n\n<p><strong><em>Wer ich bin:<\/em><\/strong><\/p>\n\n\n\n<p><strong>Mein Name ist Lukas Benner, ich bin 28 Jahre alt, geb\u00fcrtiger Aachener und Jurist. 2021 bin ich f\u00fcr die GR\u00dcNEN zum ersten Mal in den Bundestag gew\u00e4hlt worden. Mit Ihrer&nbsp;Unterst\u00fctzung m\u00f6chte ich mich weiter einsetzen:&nbsp;F\u00fcr ein starkes Aachen. F\u00fcr ein Land, das funktioniert!<\/strong><\/p>\n\n\n\n<p><strong><em>Ihr Lukas Benner&nbsp;<\/em><\/strong><\/p>\n\n\n\n<p><\/p>\n\n\n\n<p><\/p>\n\n\n\n<p><\/p>\n\n\n\n<p><\/p>\n\n\n\n<p><\/p>\n\n\n\n<p><\/p>\n\n\n\n<p><\/p>\n\n\n\n<p><\/p>\n\n\n\n<p><\/p>\n\n\n\n<p><\/p>\n\n\n\n<p><\/p>\n\n\n\n<p><\/p>\n\n\n\n<p><\/p>\n\n\n\n<p><\/p>\n","protected":false},"excerpt":{"rendered":"<p>AM 23. FEBRUAR LUKAS BENNER UND DIE GR\u00dcNEN W\u00c4HLEN! LIEBE B\u00dcRGERINNEN UND B\u00dcRGER, am 23. Februar wird Ihre Stimme mit dar\u00fcber entscheiden, welche Richtung dieses Land einschl\u00e4gt: Zur\u00fcck zu einer Politik, die auf Verschlei\u00df f\u00e4hrt und den Kopf in den Sand&nbsp;steckt? Oder gehen wir die gro\u00dfen Herausforderungen weiter entschlossen an? Dank uns GR\u00dcNEN gab es &#8230; <span class=\"more\"><a class=\"more-link\" href=\"https:\/\/www.thomas-griese-aachen.de\/?p=2582\">[Read more&#8230;]<\/a><\/span><\/p>\n","protected":false},"author":3,"featured_media":0,"comment_status":"closed","ping_status":"","sticky":false,"template":"","format":"standard","meta":{"footnotes":""},"categories":[1],"tags":[120,56],"class_list":{"0":"entry","1":"post","2":"publish","3":"author-thomasgriese","4":"post-2582","6":"format-standard","7":"category-allgemein","8":"post_tag-bundestagswahl-2025","9":"post_tag-staedteregion-aachen"},"_links":{"self":[{"href":"https:\/\/www.thomas-griese-aachen.de\/index.php?rest_route=\/wp\/v2\/posts\/2582","targetHints":{"allow":["GET"]}}],"collection":[{"href":"https:\/\/www.thomas-griese-aachen.de\/index.php?rest_route=\/wp\/v2\/posts"}],"about":[{"href":"https:\/\/www.thomas-griese-aachen.de\/index.php?rest_route=\/wp\/v2\/types\/post"}],"author":[{"embeddable":true,"href":"https:\/\/www.thomas-griese-aachen.de\/index.php?rest_route=\/wp\/v2\/users\/3"}],"replies":[{"embeddable":true,"href":"https:\/\/www.thomas-griese-aachen.de\/index.php?rest_route=%2Fwp%2Fv2%2Fcomments&post=2582"}],"version-history":[{"count":2,"href":"https:\/\/www.thomas-griese-aachen.de\/index.php?rest_route=\/wp\/v2\/posts\/2582\/revisions"}],"predecessor-version":[{"id":2586,"href":"https:\/\/www.thomas-griese-aachen.de\/index.php?rest_route=\/wp\/v2\/posts\/2582\/revisions\/2586"}],"wp:attachment":[{"href":"https:\/\/www.thomas-griese-aachen.de\/index.php?rest_route=%2Fwp%2Fv2%2Fmedia&parent=2582"}],"wp:term":[{"taxonomy":"category","embeddable":true,"href":"https:\/\/www.thomas-griese-aachen.de\/index.php?rest_route=%2Fwp%2Fv2%2Fcategories&post=2582"},{"taxonomy":"post_tag","embeddable":true,"href":"https:\/\/www.thomas-griese-aachen.de\/index.php?rest_route=%2Fwp%2Fv2%2Ftags&post=2582"}],"curies":[{"name":"wp","href":"https:\/\/api.w.org\/{rel}","templated":true}]}}