{"id":2568,"date":"2024-12-31T14:32:27","date_gmt":"2024-12-31T14:32:27","guid":{"rendered":"https:\/\/www.thomas-griese-aachen.de\/?p=2568"},"modified":"2024-12-31T14:32:27","modified_gmt":"2024-12-31T14:32:27","slug":"rueckblick-2024-was-ist-erreicht-beim-klimaschutz-in-der-staedteregion","status":"publish","type":"post","link":"https:\/\/www.thomas-griese-aachen.de\/?p=2568","title":{"rendered":"R\u00fcckblick 2024 &#8211; Was ist erreicht beim Klimaschutz in der St\u00e4dteRegion?"},"content":{"rendered":"\n<p><strong>Die wichtigsten Erfolge f\u00fcr den Klimaschutz in der St\u00e4dteregion Aachen in 2024<\/strong><\/p>\n\n\n\n<p><strong><em><mark style=\"background-color:rgba(0, 0, 0, 0)\" class=\"has-inline-color has-vivid-green-cyan-color\">1<\/mark>. <mark style=\"background-color:rgba(0, 0, 0, 0)\" class=\"has-inline-color has-vivid-green-cyan-color\">Das neue Stadt- und St\u00e4dteregionswerk Aachen <\/mark><\/em><\/strong><\/p>\n\n\n\n<p><strong>Die kommunalen Energieversorger STAWAG und Enwor sind 2024 in der neuen STAWAG, dem Stadt &#8211; und St\u00e4dteregionswerk Aachen AG zusammengef\u00fchrt, angestossen durch einen Beschluss des St\u00e4dteregionstages vom 15.6.2022, der auf einem Vorschlag der Fraktionen von B\u00dcNDNIS 90\/DIE GR\u00dcNEN und CDU beruhte. Der Zusammenschluss gew\u00e4hrleistet, dass die Trinkwasserversorgung zu 100% kommunal bleibt. Viele neue Projekte zur Produktion Erneuerbarer Energien, insbesondere Windparks und Freifl\u00e4chenanlagen k\u00f6nnen jetzt realisiert werden.<\/strong><\/p>\n\n\n\n<p><strong><em><mark style=\"background-color:rgba(0, 0, 0, 0)\" class=\"has-inline-color has-vivid-green-cyan-color\">2. Planung der RegioTram startet<\/mark><\/em><\/strong><\/p>\n\n\n\n<p><strong>Die Planung der RegioTram l\u00e4uft, nachdem Landesverkehrsminister Oliver Krischer die Planungsfinanzierung gesichert und das Land den eigentlich vom Bund in Aussicht gestellten F\u00f6rderanteil \u00fcbernommen hat.<\/strong><\/p>\n\n\n\n<p><strong><em><mark style=\"background-color:rgba(0, 0, 0, 0)\" class=\"has-inline-color has-vivid-green-cyan-color\">3. Die st\u00e4dteregionale Abfallwirtschaft wird klimaneutral<\/mark><\/em><\/strong><\/p>\n\n\n\n<p><strong>I<\/strong><strong>nitiiert durch Antr\u00e4ge von Gremienmitgliedern von B\u00dcNDNIS 90\/DIE GR\u00dcNEN und CDU sind zum Ende des Jahres 2024 auf den Hallen des Abfallwirtschaftszentrums Warden Photovoltaikanlagen mit einer Gesamtleistung von 1,4 MW installiert. Der Strom wird vorzugsweise zur eigenen Stromversorgung genutzt, zum Beispiel f\u00fcr&nbsp; Elektrobagger und elektrisch betriebene Abfallbehandlungsmaschinen. Das ist gut f\u00fcr den Klimaschutz und rechnet sich, weil Strom nicht mehr teuer eingekauft werden muss.<\/strong><\/p>\n\n\n\n<figure class=\"wp-block-image size-large\"><a href=\"https:\/\/www.thomas-griese-aachen.de\/wp-content\/uploads\/2024\/12\/20230818_113316-scaled.jpeg\"><img loading=\"lazy\" decoding=\"async\" width=\"473\" height=\"1024\" src=\"https:\/\/www.thomas-griese-aachen.de\/wp-content\/uploads\/2024\/12\/20230818_113316-473x1024.jpeg\" alt=\"\" class=\"wp-image-2573\" srcset=\"https:\/\/www.thomas-griese-aachen.de\/wp-content\/uploads\/2024\/12\/20230818_113316-473x1024.jpeg 473w, https:\/\/www.thomas-griese-aachen.de\/wp-content\/uploads\/2024\/12\/20230818_113316-139x300.jpeg 139w, https:\/\/www.thomas-griese-aachen.de\/wp-content\/uploads\/2024\/12\/20230818_113316-768x1662.jpeg 768w, https:\/\/www.thomas-griese-aachen.de\/wp-content\/uploads\/2024\/12\/20230818_113316-710x1536.jpeg 710w, https:\/\/www.thomas-griese-aachen.de\/wp-content\/uploads\/2024\/12\/20230818_113316-946x2048.jpeg 946w, https:\/\/www.thomas-griese-aachen.de\/wp-content\/uploads\/2024\/12\/20230818_113316-scaled.jpeg 1183w\" sizes=\"auto, (max-width: 473px) 100vw, 473px\" \/><\/a><\/figure>\n\n\n\n<p><\/p>\n\n\n\n<figure class=\"wp-block-image size-large\"><a href=\"https:\/\/www.thomas-griese-aachen.de\/wp-content\/uploads\/2024\/12\/20230818_112424-scaled.jpeg\"><img loading=\"lazy\" decoding=\"async\" width=\"1024\" height=\"473\" src=\"https:\/\/www.thomas-griese-aachen.de\/wp-content\/uploads\/2024\/12\/20230818_112424-1024x473.jpeg\" alt=\"\" class=\"wp-image-2571\" srcset=\"https:\/\/www.thomas-griese-aachen.de\/wp-content\/uploads\/2024\/12\/20230818_112424-1024x473.jpeg 1024w, https:\/\/www.thomas-griese-aachen.de\/wp-content\/uploads\/2024\/12\/20230818_112424-300x139.jpeg 300w, https:\/\/www.thomas-griese-aachen.de\/wp-content\/uploads\/2024\/12\/20230818_112424-768x355.jpeg 768w, https:\/\/www.thomas-griese-aachen.de\/wp-content\/uploads\/2024\/12\/20230818_112424-1536x710.jpeg 1536w, https:\/\/www.thomas-griese-aachen.de\/wp-content\/uploads\/2024\/12\/20230818_112424-2048x946.jpeg 2048w\" sizes=\"auto, (max-width: 1024px) 100vw, 1024px\" \/><\/a><\/figure>\n\n\n\n<p><\/p>\n\n\n\n<p><strong><em><mark style=\"background-color:rgba(0, 0, 0, 0)\" class=\"has-inline-color has-vivid-green-cyan-color\">4. Planung zum Ausbau der Bioabfallverg\u00e4rungsanlage auf den Weg gebracht<\/mark><\/em><\/strong><\/p>\n\n\n\n<p><strong>Die Planung zu einem Ausbau der Bioabfallverg\u00e4rungsanlage in W\u00fcrselen ist 2024 in Gang gekommen, nachdem der St\u00e4dteregionstag dies am 30.3.2023 aufgrund eines Vorschlages der Fraktionen von B\u00dcNDNIS 90\/DIE GR\u00dcNEN und CDU beschlossen hatte.<\/strong><\/p>\n\n\n\n<p><strong><em><mark style=\"background-color:rgba(0, 0, 0, 0)\" class=\"has-inline-color has-vivid-green-cyan-color\">5. Fernw\u00e4rme nicht mehr aus Braunkohle, sondern von der M\u00fcllverbrennungsanlage<\/mark><\/em><\/strong><\/p>\n\n\n\n<p><strong>Im st\u00e4dteregionalen Koalitionsvertrag von B\u00dcNDNIS 90\/DIE GR\u00dcNEN und CDU hatten wir vereinbart, dass die Fernw\u00e4rme f\u00fcr Aachen aus der M\u00fcllverbrennungsanlage kommen soll. Dazu sind in 2024 die entsprechenden Beschl\u00fcsse gefasst worden. Mit der Stilllegung des Kohlekraftwerks Weisweiler in 2029 wird die Fernw\u00e4rme nicht mehr aus fossilen Quellen kommen, sondern von der M\u00fcllverbrennungsanlage geliefert werden.&nbsp;<\/strong><\/p>\n\n\n\n<p><strong>Zus\u00e4tzlich ist dort ein Projekt gestartet worden, mit dem das bei der M\u00fcllverbrennung entstehende CO-2 stofflich gebunden werden soll.<\/strong><\/p>\n\n\n\n<p><strong><em><mark style=\"background-color:rgba(0, 0, 0, 0)\" class=\"has-inline-color has-vivid-green-cyan-color\">6. Masterplan St\u00e4dteregionales Radverkehrsnetz &#8211; Planungsleistungen vergeben<\/mark><\/em><\/strong><\/p>\n\n\n\n<p><strong>F\u00fcr die Umsetzung des St\u00e4dteregionalen Radverkehrsnetzes f\u00fcr den Alltagsverkehr wird ein Masterplan erstellt. Die daf\u00fcr n\u00f6tigen Planungsleistungen sind 2024 vergeben worden.<\/strong><\/p>\n\n\n\n<details class=\"wp-block-details is-layout-flow wp-block-details-is-layout-flow\"><summary><\/summary>\n<p><\/p>\n<\/details>\n\n\n\n<p><\/p>\n","protected":false},"excerpt":{"rendered":"<p>Die wichtigsten Erfolge f\u00fcr den Klimaschutz in der St\u00e4dteregion Aachen in 2024 1. Das neue Stadt- und St\u00e4dteregionswerk Aachen Die kommunalen Energieversorger STAWAG und Enwor sind 2024 in der neuen STAWAG, dem Stadt &#8211; und St\u00e4dteregionswerk Aachen AG zusammengef\u00fchrt, angestossen durch einen Beschluss des St\u00e4dteregionstages vom 15.6.2022, der auf einem Vorschlag der Fraktionen von B\u00dcNDNIS &#8230; <span class=\"more\"><a class=\"more-link\" href=\"https:\/\/www.thomas-griese-aachen.de\/?p=2568\">[Read more&#8230;]<\/a><\/span><\/p>\n","protected":false},"author":3,"featured_media":0,"comment_status":"closed","ping_status":"","sticky":false,"template":"","format":"standard","meta":{"footnotes":""},"categories":[65,1,19,18,70,71,26,64],"tags":[],"class_list":{"0":"entry","1":"post","2":"publish","3":"author-thomasgriese","4":"post-2568","6":"format-standard","7":"category-abfallpolitik","8":"category-allgemein","9":"category-energiepolitik","10":"category-erneuerbare-energien-themen","11":"category-klimaschutz","12":"category-mobilitaet","13":"category-stadteregion","14":"category-umweltschutz"},"_links":{"self":[{"href":"https:\/\/www.thomas-griese-aachen.de\/index.php?rest_route=\/wp\/v2\/posts\/2568","targetHints":{"allow":["GET"]}}],"collection":[{"href":"https:\/\/www.thomas-griese-aachen.de\/index.php?rest_route=\/wp\/v2\/posts"}],"about":[{"href":"https:\/\/www.thomas-griese-aachen.de\/index.php?rest_route=\/wp\/v2\/types\/post"}],"author":[{"embeddable":true,"href":"https:\/\/www.thomas-griese-aachen.de\/index.php?rest_route=\/wp\/v2\/users\/3"}],"replies":[{"embeddable":true,"href":"https:\/\/www.thomas-griese-aachen.de\/index.php?rest_route=%2Fwp%2Fv2%2Fcomments&post=2568"}],"version-history":[{"count":5,"href":"https:\/\/www.thomas-griese-aachen.de\/index.php?rest_route=\/wp\/v2\/posts\/2568\/revisions"}],"predecessor-version":[{"id":2576,"href":"https:\/\/www.thomas-griese-aachen.de\/index.php?rest_route=\/wp\/v2\/posts\/2568\/revisions\/2576"}],"wp:attachment":[{"href":"https:\/\/www.thomas-griese-aachen.de\/index.php?rest_route=%2Fwp%2Fv2%2Fmedia&parent=2568"}],"wp:term":[{"taxonomy":"category","embeddable":true,"href":"https:\/\/www.thomas-griese-aachen.de\/index.php?rest_route=%2Fwp%2Fv2%2Fcategories&post=2568"},{"taxonomy":"post_tag","embeddable":true,"href":"https:\/\/www.thomas-griese-aachen.de\/index.php?rest_route=%2Fwp%2Fv2%2Ftags&post=2568"}],"curies":[{"name":"wp","href":"https:\/\/api.w.org\/{rel}","templated":true}]}}