{"id":254,"date":"2009-06-09T15:54:54","date_gmt":"2009-06-09T13:54:54","guid":{"rendered":"http:\/\/www.thomas-griese-aachen.de\/?p=254"},"modified":"2009-06-19T15:18:59","modified_gmt":"2009-06-19T13:18:59","slug":"gruner-protest-hat-wirkung-gezeigt-landesregierung-verschiebt-abfallwirtschaftplan","status":"publish","type":"post","link":"https:\/\/www.thomas-griese-aachen.de\/?p=254","title":{"rendered":"Gr\u00fcner Protest hat Wirkung gezeigt: Landesregierung verschiebt Abfallwirtschaftplan"},"content":{"rendered":"<p><!--StartFragment--><\/p>\n<p class=\"MsoNormal\"><span style=\"color: #0000ee; text-decoration: underline;\"><a href=\"http:\/\/www.thomas-griese-aachen.de\/wp-content\/uploads\/2009\/06\/158-5810_img-1.jpg\"><img loading=\"lazy\" decoding=\"async\" class=\"alignnone size-medium wp-image-310\" title=\"158-5810_img-1\" src=\"http:\/\/www.thomas-griese-aachen.de\/wp-content\/uploads\/2009\/06\/158-5810_img-1-300x225.jpg\" alt=\"\" width=\"300\" height=\"225\" srcset=\"https:\/\/www.thomas-griese-aachen.de\/wp-content\/uploads\/2009\/06\/158-5810_img-1-300x225.jpg 300w, https:\/\/www.thomas-griese-aachen.de\/wp-content\/uploads\/2009\/06\/158-5810_img-1.jpg 640w\" sizes=\"auto, (max-width: 300px) 100vw, 300px\" \/><\/a><\/span><\/p>\n<p class=\"MsoNormal\"><strong><em>GR\u00dcNE in der St\u00e4dteRegion gegen den Landesabfallwirtschaftsplan: v.l.n.r. Oliver Krischer (GR\u00dcNE D\u00fcren); Aggi Majewsky (GR\u00dcNE Kreis Aachen und AWA-Aufsichtsr\u00e4tin), Dr. Thomas Griese (GR\u00dcNE St\u00e4dteRegion Aachen und AWA-Aufsichtsrat), Elisabeth Paul (GR\u00dcNE St\u00e4dteRegion Aachen), Werner Krickel (GR\u00dcNE Monschau), Monika Kuck (Gr\u00fcne Stadtratsfraktion Aachen und ZEW-Aufsichtsr\u00e4tin), Ansgar Klein (GR\u00dcNE W\u00fcrselen), Rolf Beckers (GR\u00dcNE Baesweiler)<\/em><\/strong><\/p>\n<p class=\"MsoNormal\">\n<p class=\"MsoNormal\">Die Landesregierung hat dem Landtag jetzt die Vorlage 14\/2653 zugeleitet, wonach die Beratung des Abfallwirtschaftsplans zur\u00fcckgestellt und im Sp\u00e4therbst 2009 ein \u00fcberarbeiteter Entwurf dem Landtag zugeleitet werden soll.<\/p>\n<p class=\"MsoNormal\"><span> <\/span><\/p>\n<p class=\"MsoNormal\"><span>Hierzu erkl\u00e4ren Dr. Thomas Griese, Vorsitzender der Gr\u00fcnen in der St\u00e4dteRegion Aachen und Oliver Krischer, Vorsitzender der Gr\u00fcnen im Kreis D\u00fcren:<\/span><\/p>\n<p class=\"MsoNormal\"><span> <\/span><\/p>\n<p class=\"MsoNormal\"><span>&#8222;Der von uns Gr\u00fcnen angesto\u00dfene \u00f6ffentliche Protest gegen den Entwurf des Landesabfallwirtschaftsplans hat offenbar erste Wirkung gezeigt. Die Landesregierung hat jetzt f\u00fcr den Sp\u00e4therbst eine \u00dcberarbeitung angek\u00fcndigt.<\/span><\/p>\n<p class=\"MsoNormal\"><span> <\/span><\/p>\n<p class=\"MsoNormal\"><span>Damit ist der abfallpolitische Irrsinn, die Entsorgung des Hausm\u00fclls nicht einer bestimmten Verbrennungsanlage zuzuweisen, erst einmal verschoben. Offensichtlich m\u00f6chten CDU und FDP das Thema aus dem bevorstehenden Kommunalwahlkampf heraushalten, denn w\u00fcrde sich die Landesregierung durchsetzen, drohte in der St\u00e4dteRegion Aachen und im Kreis D\u00fcren ein massiver Anstieg der M\u00fcllgeb\u00fchren.<\/span><\/p>\n<p class=\"MsoNormal\"><span> <\/span><\/p>\n<p class=\"MsoNormal\"><span><strong>Aber aufgeschoben ist leider nicht aufgehoben: Solange die Landesregierung ihre unsinnigen Pl\u00e4ne nicht endg\u00fcltig beerdigt hat, werden wir Gr\u00fcne mit aller Kraft gegen &#8222;Privat vor Staat&#8220; in der Abfallwirtschaft und den verbundenen M\u00fclltourismus k\u00e4mpfen. Dazu haben wir in den R\u00e4ten und Kreistagen entsprechende Resolutionen eingebracht, die CDU und FDP in D\u00fcsseldorf deutlich machen werden, dass die Region den Abfallwirtschaftsplan in seiner aktuellen Form geschlossen ablehnt.&#8220;<\/strong><\/span><\/p>\n<p class=\"MsoNormal\"><span> <\/span><\/p>\n<p><!--EndFragment--><\/p>\n","protected":false},"excerpt":{"rendered":"<p>GR\u00dcNE in der St\u00e4dteRegion gegen den Landesabfallwirtschaftsplan: v.l.n.r. Oliver Krischer (GR\u00dcNE D\u00fcren); Aggi Majewsky (GR\u00dcNE Kreis Aachen und AWA-Aufsichtsr\u00e4tin), Dr. Thomas Griese (GR\u00dcNE St\u00e4dteRegion Aachen und AWA-Aufsichtsrat), Elisabeth Paul (GR\u00dcNE St\u00e4dteRegion Aachen), Werner Krickel (GR\u00dcNE Monschau), Monika Kuck (Gr\u00fcne Stadtratsfraktion Aachen und ZEW-Aufsichtsr\u00e4tin), Ansgar Klein (GR\u00dcNE W\u00fcrselen), Rolf Beckers (GR\u00dcNE Baesweiler) Die Landesregierung hat dem &#8230; <span class=\"more\"><a class=\"more-link\" href=\"https:\/\/www.thomas-griese-aachen.de\/?p=254\">[Read more&#8230;]<\/a><\/span><\/p>\n","protected":false},"author":3,"featured_media":0,"comment_status":"closed","ping_status":"closed","sticky":false,"template":"","format":"standard","meta":{"footnotes":""},"categories":[1],"tags":[],"class_list":{"0":"entry","1":"post","2":"publish","3":"author-thomasgriese","4":"post-254","6":"format-standard","7":"category-allgemein"},"_links":{"self":[{"href":"https:\/\/www.thomas-griese-aachen.de\/index.php?rest_route=\/wp\/v2\/posts\/254","targetHints":{"allow":["GET"]}}],"collection":[{"href":"https:\/\/www.thomas-griese-aachen.de\/index.php?rest_route=\/wp\/v2\/posts"}],"about":[{"href":"https:\/\/www.thomas-griese-aachen.de\/index.php?rest_route=\/wp\/v2\/types\/post"}],"author":[{"embeddable":true,"href":"https:\/\/www.thomas-griese-aachen.de\/index.php?rest_route=\/wp\/v2\/users\/3"}],"replies":[{"embeddable":true,"href":"https:\/\/www.thomas-griese-aachen.de\/index.php?rest_route=%2Fwp%2Fv2%2Fcomments&post=254"}],"version-history":[{"count":0,"href":"https:\/\/www.thomas-griese-aachen.de\/index.php?rest_route=\/wp\/v2\/posts\/254\/revisions"}],"wp:attachment":[{"href":"https:\/\/www.thomas-griese-aachen.de\/index.php?rest_route=%2Fwp%2Fv2%2Fmedia&parent=254"}],"wp:term":[{"taxonomy":"category","embeddable":true,"href":"https:\/\/www.thomas-griese-aachen.de\/index.php?rest_route=%2Fwp%2Fv2%2Fcategories&post=254"},{"taxonomy":"post_tag","embeddable":true,"href":"https:\/\/www.thomas-griese-aachen.de\/index.php?rest_route=%2Fwp%2Fv2%2Ftags&post=254"}],"curies":[{"name":"wp","href":"https:\/\/api.w.org\/{rel}","templated":true}]}}