{"id":2492,"date":"2023-10-20T14:22:19","date_gmt":"2023-10-20T14:22:19","guid":{"rendered":"https:\/\/www.thomas-griese-aachen.de\/?p=2492"},"modified":"2023-10-20T14:22:19","modified_gmt":"2023-10-20T14:22:19","slug":"neues-entsorgungszentrum-warden-eingeweiht-die-abfallwirtschaft-der-region-wird-klimaneutral","status":"publish","type":"post","link":"https:\/\/www.thomas-griese-aachen.de\/?p=2492","title":{"rendered":"Neues Entsorgungszentrum Warden eingeweiht &#8211; Die Abfallwirtschaft der Region wird klimaneutral"},"content":{"rendered":"\n<p><strong>Am 19.10.2023 ist das neue Abfallwirtschaftszentrum der Region Aachen in Alsdorf Warden eingweiht worden. Damit wird ein grosser Schritt hin zur Klimaneutralit\u00e4t der Abfallwirtschaft gemacht.<\/strong><\/p>\n\n\n\n<figure class=\"wp-block-image size-large\"><a href=\"https:\/\/www.thomas-griese-aachen.de\/wp-content\/uploads\/2023\/10\/20231019_121920-scaled.jpg\"><img loading=\"lazy\" decoding=\"async\" width=\"1024\" height=\"768\" src=\"https:\/\/www.thomas-griese-aachen.de\/wp-content\/uploads\/2023\/10\/20231019_121920-1024x768.jpg\" alt=\"\" class=\"wp-image-2494\" srcset=\"https:\/\/www.thomas-griese-aachen.de\/wp-content\/uploads\/2023\/10\/20231019_121920-1024x768.jpg 1024w, https:\/\/www.thomas-griese-aachen.de\/wp-content\/uploads\/2023\/10\/20231019_121920-300x225.jpg 300w, https:\/\/www.thomas-griese-aachen.de\/wp-content\/uploads\/2023\/10\/20231019_121920-768x576.jpg 768w, https:\/\/www.thomas-griese-aachen.de\/wp-content\/uploads\/2023\/10\/20231019_121920-1536x1152.jpg 1536w, https:\/\/www.thomas-griese-aachen.de\/wp-content\/uploads\/2023\/10\/20231019_121920-2048x1536.jpg 2048w\" sizes=\"auto, (max-width: 1024px) 100vw, 1024px\" \/><\/a><\/figure>\n\n\n\n<p><strong>Angestossen durch unsere Initiative in den  Gremien der Abfallwirtschaft sind die einzelnen Geb\u00e4ude mit Photovoltaik ausgestattet, insgesamt mit einer Leistung von 1,571 Megawa<\/strong>tt.<\/p>\n\n\n\n<figure class=\"wp-block-image size-large\"><a href=\"https:\/\/www.thomas-griese-aachen.de\/wp-content\/uploads\/2023\/10\/20230818_112424-scaled.jpg\"><img loading=\"lazy\" decoding=\"async\" width=\"1024\" height=\"473\" src=\"https:\/\/www.thomas-griese-aachen.de\/wp-content\/uploads\/2023\/10\/20230818_112424-1024x473.jpg\" alt=\"\" class=\"wp-image-2495\" srcset=\"https:\/\/www.thomas-griese-aachen.de\/wp-content\/uploads\/2023\/10\/20230818_112424-1024x473.jpg 1024w, https:\/\/www.thomas-griese-aachen.de\/wp-content\/uploads\/2023\/10\/20230818_112424-300x139.jpg 300w, https:\/\/www.thomas-griese-aachen.de\/wp-content\/uploads\/2023\/10\/20230818_112424-768x355.jpg 768w, https:\/\/www.thomas-griese-aachen.de\/wp-content\/uploads\/2023\/10\/20230818_112424-1536x710.jpg 1536w, https:\/\/www.thomas-griese-aachen.de\/wp-content\/uploads\/2023\/10\/20230818_112424-2048x946.jpg 2048w\" sizes=\"auto, (max-width: 1024px) 100vw, 1024px\" \/><\/a><\/figure>\n\n\n\n<figure class=\"wp-block-image size-large\"><a href=\"https:\/\/www.thomas-griese-aachen.de\/wp-content\/uploads\/2023\/10\/20230818_113316-scaled.jpg\"><img loading=\"lazy\" decoding=\"async\" width=\"473\" height=\"1024\" src=\"https:\/\/www.thomas-griese-aachen.de\/wp-content\/uploads\/2023\/10\/20230818_113316-473x1024.jpg\" alt=\"\" class=\"wp-image-2496\" srcset=\"https:\/\/www.thomas-griese-aachen.de\/wp-content\/uploads\/2023\/10\/20230818_113316-473x1024.jpg 473w, https:\/\/www.thomas-griese-aachen.de\/wp-content\/uploads\/2023\/10\/20230818_113316-139x300.jpg 139w, https:\/\/www.thomas-griese-aachen.de\/wp-content\/uploads\/2023\/10\/20230818_113316-768x1662.jpg 768w, https:\/\/www.thomas-griese-aachen.de\/wp-content\/uploads\/2023\/10\/20230818_113316-710x1536.jpg 710w, https:\/\/www.thomas-griese-aachen.de\/wp-content\/uploads\/2023\/10\/20230818_113316-946x2048.jpg 946w, https:\/\/www.thomas-griese-aachen.de\/wp-content\/uploads\/2023\/10\/20230818_113316-scaled.jpg 1183w\" sizes=\"auto, (max-width: 473px) 100vw, 473px\" \/><\/a><\/figure>\n\n\n\n<p><strong>Der erzeugte Strom deckt bilanziell den gesamten Stromverbrauch des Abfallwirtschaftszentrums einschlie\u00dflich der dort eingesetzten Maschinen ab. Dazu geh\u00f6rt auch ein elektrisch betriebener Bagger. Das schont nicht nur das Klima, es ist auch ein Gewinn f\u00fcr die Besch\u00e4ftigten &#8211; weniger L\u00e4rm und keine Abgase!<\/strong><\/p>\n\n\n\n<figure class=\"wp-block-image size-large\"><a href=\"https:\/\/www.thomas-griese-aachen.de\/wp-content\/uploads\/2023\/10\/20231019_122245-scaled.jpg\"><img loading=\"lazy\" decoding=\"async\" width=\"1024\" height=\"473\" src=\"https:\/\/www.thomas-griese-aachen.de\/wp-content\/uploads\/2023\/10\/20231019_122245-1024x473.jpg\" alt=\"\" class=\"wp-image-2497\" srcset=\"https:\/\/www.thomas-griese-aachen.de\/wp-content\/uploads\/2023\/10\/20231019_122245-1024x473.jpg 1024w, https:\/\/www.thomas-griese-aachen.de\/wp-content\/uploads\/2023\/10\/20231019_122245-300x139.jpg 300w, https:\/\/www.thomas-griese-aachen.de\/wp-content\/uploads\/2023\/10\/20231019_122245-768x355.jpg 768w, https:\/\/www.thomas-griese-aachen.de\/wp-content\/uploads\/2023\/10\/20231019_122245-1536x710.jpg 1536w, https:\/\/www.thomas-griese-aachen.de\/wp-content\/uploads\/2023\/10\/20231019_122245-2048x946.jpg 2048w\" sizes=\"auto, (max-width: 1024px) 100vw, 1024px\" \/><\/a><\/figure>\n\n\n\n<figure class=\"wp-block-image size-large\"><a href=\"https:\/\/www.thomas-griese-aachen.de\/wp-content\/uploads\/2023\/10\/20231019_122227-scaled.jpg\"><img loading=\"lazy\" decoding=\"async\" width=\"1024\" height=\"473\" src=\"https:\/\/www.thomas-griese-aachen.de\/wp-content\/uploads\/2023\/10\/20231019_122227-1024x473.jpg\" alt=\"\" class=\"wp-image-2498\" srcset=\"https:\/\/www.thomas-griese-aachen.de\/wp-content\/uploads\/2023\/10\/20231019_122227-1024x473.jpg 1024w, https:\/\/www.thomas-griese-aachen.de\/wp-content\/uploads\/2023\/10\/20231019_122227-300x139.jpg 300w, https:\/\/www.thomas-griese-aachen.de\/wp-content\/uploads\/2023\/10\/20231019_122227-768x355.jpg 768w, https:\/\/www.thomas-griese-aachen.de\/wp-content\/uploads\/2023\/10\/20231019_122227-1536x710.jpg 1536w, https:\/\/www.thomas-griese-aachen.de\/wp-content\/uploads\/2023\/10\/20231019_122227-2048x946.jpg 2048w\" sizes=\"auto, (max-width: 1024px) 100vw, 1024px\" \/><\/a><\/figure>\n\n\n\n<p><strong>Das neue Abfallwirtschaftszentrum erm\u00f6glicht eine bessere Trennung und Wiederverwertung. Beschlossen wurde u.a. die Trennung und stoffliche Wiederverwertung von Matratzen, Hartplastik und Altholz. So werden die Verbrennungsmengen reduziert und wertvolle Rohstoffe wiederverwendet.<\/strong><\/p>\n\n\n\n<figure class=\"wp-block-image size-large\"><a href=\"https:\/\/www.thomas-griese-aachen.de\/wp-content\/uploads\/2023\/10\/20231019_124237-scaled.jpg\"><img loading=\"lazy\" decoding=\"async\" width=\"1024\" height=\"473\" src=\"https:\/\/www.thomas-griese-aachen.de\/wp-content\/uploads\/2023\/10\/20231019_124237-1024x473.jpg\" alt=\"\" class=\"wp-image-2499\" srcset=\"https:\/\/www.thomas-griese-aachen.de\/wp-content\/uploads\/2023\/10\/20231019_124237-1024x473.jpg 1024w, https:\/\/www.thomas-griese-aachen.de\/wp-content\/uploads\/2023\/10\/20231019_124237-300x139.jpg 300w, https:\/\/www.thomas-griese-aachen.de\/wp-content\/uploads\/2023\/10\/20231019_124237-768x355.jpg 768w, https:\/\/www.thomas-griese-aachen.de\/wp-content\/uploads\/2023\/10\/20231019_124237-1536x710.jpg 1536w, https:\/\/www.thomas-griese-aachen.de\/wp-content\/uploads\/2023\/10\/20231019_124237-2048x946.jpg 2048w\" sizes=\"auto, (max-width: 1024px) 100vw, 1024px\" \/><\/a><\/figure>\n","protected":false},"excerpt":{"rendered":"<p>Am 19.10.2023 ist das neue Abfallwirtschaftszentrum der Region Aachen in Alsdorf Warden eingweiht worden. Damit wird ein grosser Schritt hin zur Klimaneutralit\u00e4t der Abfallwirtschaft gemacht. Angestossen durch unsere Initiative in den Gremien der Abfallwirtschaft sind die einzelnen Geb\u00e4ude mit Photovoltaik ausgestattet, insgesamt mit einer Leistung von 1,571 Megawatt. Der erzeugte Strom deckt bilanziell den gesamten &#8230; <span class=\"more\"><a class=\"more-link\" href=\"https:\/\/www.thomas-griese-aachen.de\/?p=2492\">[Read more&#8230;]<\/a><\/span><\/p>\n","protected":false},"author":3,"featured_media":0,"comment_status":"closed","ping_status":"","sticky":false,"template":"","format":"standard","meta":{"footnotes":""},"categories":[65,1,18,70,26],"tags":[25],"class_list":{"0":"entry","1":"post","2":"publish","3":"author-thomasgriese","4":"post-2492","6":"format-standard","7":"category-abfallpolitik","8":"category-allgemein","9":"category-erneuerbare-energien-themen","10":"category-klimaschutz","11":"category-stadteregion","12":"post_tag-klimaschutz"},"_links":{"self":[{"href":"https:\/\/www.thomas-griese-aachen.de\/index.php?rest_route=\/wp\/v2\/posts\/2492","targetHints":{"allow":["GET"]}}],"collection":[{"href":"https:\/\/www.thomas-griese-aachen.de\/index.php?rest_route=\/wp\/v2\/posts"}],"about":[{"href":"https:\/\/www.thomas-griese-aachen.de\/index.php?rest_route=\/wp\/v2\/types\/post"}],"author":[{"embeddable":true,"href":"https:\/\/www.thomas-griese-aachen.de\/index.php?rest_route=\/wp\/v2\/users\/3"}],"replies":[{"embeddable":true,"href":"https:\/\/www.thomas-griese-aachen.de\/index.php?rest_route=%2Fwp%2Fv2%2Fcomments&post=2492"}],"version-history":[{"count":3,"href":"https:\/\/www.thomas-griese-aachen.de\/index.php?rest_route=\/wp\/v2\/posts\/2492\/revisions"}],"predecessor-version":[{"id":2501,"href":"https:\/\/www.thomas-griese-aachen.de\/index.php?rest_route=\/wp\/v2\/posts\/2492\/revisions\/2501"}],"wp:attachment":[{"href":"https:\/\/www.thomas-griese-aachen.de\/index.php?rest_route=%2Fwp%2Fv2%2Fmedia&parent=2492"}],"wp:term":[{"taxonomy":"category","embeddable":true,"href":"https:\/\/www.thomas-griese-aachen.de\/index.php?rest_route=%2Fwp%2Fv2%2Fcategories&post=2492"},{"taxonomy":"post_tag","embeddable":true,"href":"https:\/\/www.thomas-griese-aachen.de\/index.php?rest_route=%2Fwp%2Fv2%2Ftags&post=2492"}],"curies":[{"name":"wp","href":"https:\/\/api.w.org\/{rel}","templated":true}]}}