{"id":2464,"date":"2023-04-24T14:12:50","date_gmt":"2023-04-24T14:12:50","guid":{"rendered":"https:\/\/www.thomas-griese-aachen.de\/?p=2464"},"modified":"2023-05-03T10:06:06","modified_gmt":"2023-05-03T10:06:06","slug":"mobilitaetswende-in-der-staedteregion-3-regionale-mobilitaetskonferenz-am-21-4-2023","status":"publish","type":"post","link":"https:\/\/www.thomas-griese-aachen.de\/?p=2464","title":{"rendered":"Mobilit\u00e4tswende in der St\u00e4dteregion &#8211; 3. Regionale Mobilit\u00e4tskonferenz am 21.4.2023"},"content":{"rendered":"\n<p><strong>Ergebnis der 3. Regionale Mobilit\u00e4tskonferenz mit Stadt Aachen und St\u00e4dteregion Aachen am 21.4.2023: Die Oberb\u00fcrgermeisterin der Stadt Aachen, der St\u00e4dteregionsrat der St\u00e4dteregion Aachen und alle B\u00fcrgermeister*innen der St\u00e4dteregion haben ein Memorandum unterzeichnet, in dem sich alle verpflichtet haben, <\/strong><\/p>\n\n\n\n<div data-wp-interactive=\"core\/file\" class=\"wp-block-file\"><object data-wp-bind--hidden=\"!state.hasPdfPreview\" hidden class=\"wp-block-file__embed\" data=\"https:\/\/www.thomas-griese-aachen.de\/wp-content\/uploads\/2023\/04\/2023.4.21.-Netzwerk-regionale-Mobilitaetswende.-Unterzeichnetes-Momorandum.pdf\" type=\"application\/pdf\" style=\"width:100%;height:600px\" aria-label=\"Einbettung von 2023.4.21.-Netzwerk-regionale-Mobilitaetswende.-Unterzeichnetes-Momorandum.\"><\/object><a id=\"wp-block-file--media-75296c52-ec81-48c5-bebb-2151b294d964\" href=\"https:\/\/www.thomas-griese-aachen.de\/wp-content\/uploads\/2023\/04\/2023.4.21.-Netzwerk-regionale-Mobilitaetswende.-Unterzeichnetes-Momorandum.pdf\">2023.4.21.-Netzwerk-regionale-Mobilitaetswende.-Unterzeichnetes-Momorandum<\/a><a href=\"https:\/\/www.thomas-griese-aachen.de\/wp-content\/uploads\/2023\/04\/2023.4.21.-Netzwerk-regionale-Mobilitaetswende.-Unterzeichnetes-Momorandum.pdf\" class=\"wp-block-file__button wp-element-button\" download aria-describedby=\"wp-block-file--media-75296c52-ec81-48c5-bebb-2151b294d964\">Herunterladen<\/a><\/div>\n\n\n\n<p><strong><em>&#8222;<u>die Mobilit\u00e4tswende voranzubringen<\/u><\/em><\/strong><\/p>\n\n\n\n<p><strong><em>den \u00d6PNV zu st\u00e4rken<\/em><\/strong><\/p>\n\n\n\n<p><strong><em>ein hochwertiges,  komfortables und durchg\u00e4ngig regionales Radverkehrsangebot zu schaffen<u> <\/u>und<\/em><\/strong> <\/p>\n\n\n\n<p><strong><em><u>den Autoverkehr in der St\u00e4dteregion auf ein vertr\u00e4gliches Ma\u00df zu reduzieren, um den Ausbau des Umweltverbundes qualit\u00e4tsvoll gestalten zu k\u00f6nnen&#8220;.<\/u><\/em><\/strong><\/p>\n\n\n\n<figure class=\"wp-block-image size-large\"><a href=\"https:\/\/www.thomas-griese-aachen.de\/wp-content\/uploads\/2023\/04\/2023.04.21-scaled.jpg\"><img loading=\"lazy\" decoding=\"async\" width=\"1024\" height=\"672\" src=\"https:\/\/www.thomas-griese-aachen.de\/wp-content\/uploads\/2023\/04\/2023.04.21-1024x672.jpg\" alt=\"\" class=\"wp-image-2466\" srcset=\"https:\/\/www.thomas-griese-aachen.de\/wp-content\/uploads\/2023\/04\/2023.04.21-1024x672.jpg 1024w, https:\/\/www.thomas-griese-aachen.de\/wp-content\/uploads\/2023\/04\/2023.04.21-300x197.jpg 300w, https:\/\/www.thomas-griese-aachen.de\/wp-content\/uploads\/2023\/04\/2023.04.21-768x504.jpg 768w, https:\/\/www.thomas-griese-aachen.de\/wp-content\/uploads\/2023\/04\/2023.04.21-1536x1007.jpg 1536w, https:\/\/www.thomas-griese-aachen.de\/wp-content\/uploads\/2023\/04\/2023.04.21-2048x1343.jpg 2048w\" sizes=\"auto, (max-width: 1024px) 100vw, 1024px\" \/><\/a><\/figure>\n\n\n\n\n\n\n\n\n\n\n\n\n\n\n","protected":false},"excerpt":{"rendered":"<p>Ergebnis der 3. Regionale Mobilit\u00e4tskonferenz mit Stadt Aachen und St\u00e4dteregion Aachen am 21.4.2023: Die Oberb\u00fcrgermeisterin der Stadt Aachen, der St\u00e4dteregionsrat der St\u00e4dteregion Aachen und alle B\u00fcrgermeister*innen der St\u00e4dteregion haben ein Memorandum unterzeichnet, in dem sich alle verpflichtet haben, &#8222;die Mobilit\u00e4tswende voranzubringen den \u00d6PNV zu st\u00e4rken ein hochwertiges, komfortables und durchg\u00e4ngig regionales Radverkehrsangebot zu schaffen und &#8230; <span class=\"more\"><a class=\"more-link\" href=\"https:\/\/www.thomas-griese-aachen.de\/?p=2464\">[Read more&#8230;]<\/a><\/span><\/p>\n","protected":false},"author":3,"featured_media":0,"comment_status":"closed","ping_status":"","sticky":false,"template":"","format":"standard","meta":{"footnotes":""},"categories":[1],"tags":[108,56],"class_list":{"0":"entry","1":"post","2":"publish","3":"author-thomasgriese","4":"post-2464","6":"format-standard","7":"category-allgemein","8":"post_tag-mobilitaetswende","9":"post_tag-staedteregion-aachen"},"_links":{"self":[{"href":"https:\/\/www.thomas-griese-aachen.de\/index.php?rest_route=\/wp\/v2\/posts\/2464","targetHints":{"allow":["GET"]}}],"collection":[{"href":"https:\/\/www.thomas-griese-aachen.de\/index.php?rest_route=\/wp\/v2\/posts"}],"about":[{"href":"https:\/\/www.thomas-griese-aachen.de\/index.php?rest_route=\/wp\/v2\/types\/post"}],"author":[{"embeddable":true,"href":"https:\/\/www.thomas-griese-aachen.de\/index.php?rest_route=\/wp\/v2\/users\/3"}],"replies":[{"embeddable":true,"href":"https:\/\/www.thomas-griese-aachen.de\/index.php?rest_route=%2Fwp%2Fv2%2Fcomments&post=2464"}],"version-history":[{"count":2,"href":"https:\/\/www.thomas-griese-aachen.de\/index.php?rest_route=\/wp\/v2\/posts\/2464\/revisions"}],"predecessor-version":[{"id":2469,"href":"https:\/\/www.thomas-griese-aachen.de\/index.php?rest_route=\/wp\/v2\/posts\/2464\/revisions\/2469"}],"wp:attachment":[{"href":"https:\/\/www.thomas-griese-aachen.de\/index.php?rest_route=%2Fwp%2Fv2%2Fmedia&parent=2464"}],"wp:term":[{"taxonomy":"category","embeddable":true,"href":"https:\/\/www.thomas-griese-aachen.de\/index.php?rest_route=%2Fwp%2Fv2%2Fcategories&post=2464"},{"taxonomy":"post_tag","embeddable":true,"href":"https:\/\/www.thomas-griese-aachen.de\/index.php?rest_route=%2Fwp%2Fv2%2Ftags&post=2464"}],"curies":[{"name":"wp","href":"https:\/\/api.w.org\/{rel}","templated":true}]}}