{"id":2458,"date":"2023-04-14T09:22:50","date_gmt":"2023-04-14T09:22:50","guid":{"rendered":"https:\/\/www.thomas-griese-aachen.de\/?p=2458"},"modified":"2023-04-14T09:22:50","modified_gmt":"2023-04-14T09:22:50","slug":"endlich-atomausstieg-der-bisher-teuerste-irrtum-der-industriegeschichte-geht-zu-ende","status":"publish","type":"post","link":"https:\/\/www.thomas-griese-aachen.de\/?p=2458","title":{"rendered":"<strong>Endlich Atomausstieg \u2013 der bisher teuerste Irrtum der Industriegeschichte geht zu Ende<\/strong>"},"content":{"rendered":"\n<p><strong>Am 15.4 werden die letzten drei Atomkraftwerke in Deutschland abgeschaltet. Nach Jahrzehnten des Protestes und des Kampfes gegen diese Hochrisikotechnologie ist dies ein riesiger Erfolg der deutschen Umweltbewegung. Viele Menschen werden an diesem Tag in Lingen, Neckarwestheim und M\u00fcnchen feiern.<\/strong><\/p>\n\n\n\n<figure class=\"wp-block-image size-large\"><a href=\"https:\/\/www.thomas-griese-aachen.de\/wp-content\/uploads\/2023\/04\/HPIM6686-scaled.jpg\"><img loading=\"lazy\" decoding=\"async\" width=\"1024\" height=\"771\" src=\"https:\/\/www.thomas-griese-aachen.de\/wp-content\/uploads\/2023\/04\/HPIM6686-1024x771.jpg\" alt=\"\" class=\"wp-image-2460\" srcset=\"https:\/\/www.thomas-griese-aachen.de\/wp-content\/uploads\/2023\/04\/HPIM6686-1024x771.jpg 1024w, https:\/\/www.thomas-griese-aachen.de\/wp-content\/uploads\/2023\/04\/HPIM6686-300x226.jpg 300w, https:\/\/www.thomas-griese-aachen.de\/wp-content\/uploads\/2023\/04\/HPIM6686-768x578.jpg 768w, https:\/\/www.thomas-griese-aachen.de\/wp-content\/uploads\/2023\/04\/HPIM6686-1536x1156.jpg 1536w, https:\/\/www.thomas-griese-aachen.de\/wp-content\/uploads\/2023\/04\/HPIM6686-2048x1542.jpg 2048w\" sizes=\"auto, (max-width: 1024px) 100vw, 1024px\" \/><\/a><\/figure>\n\n\n\n<figure class=\"wp-block-image size-large\"><a href=\"https:\/\/www.thomas-griese-aachen.de\/wp-content\/uploads\/2023\/04\/HPIM6700-scaled.jpg\"><img loading=\"lazy\" decoding=\"async\" width=\"1024\" height=\"771\" src=\"https:\/\/www.thomas-griese-aachen.de\/wp-content\/uploads\/2023\/04\/HPIM6700-1024x771.jpg\" alt=\"\" class=\"wp-image-2459\" srcset=\"https:\/\/www.thomas-griese-aachen.de\/wp-content\/uploads\/2023\/04\/HPIM6700-1024x771.jpg 1024w, https:\/\/www.thomas-griese-aachen.de\/wp-content\/uploads\/2023\/04\/HPIM6700-300x226.jpg 300w, https:\/\/www.thomas-griese-aachen.de\/wp-content\/uploads\/2023\/04\/HPIM6700-768x578.jpg 768w, https:\/\/www.thomas-griese-aachen.de\/wp-content\/uploads\/2023\/04\/HPIM6700-1536x1156.jpg 1536w, https:\/\/www.thomas-griese-aachen.de\/wp-content\/uploads\/2023\/04\/HPIM6700-2048x1542.jpg 2048w\" sizes=\"auto, (max-width: 1024px) 100vw, 1024px\" \/><\/a><\/figure>\n\n\n\n<p><strong>Dabei werden die Kosten der Atomkraft uns und nachfolgende Generationen noch lange belasten. Die Kosten f\u00fcr Abriss und Endlager werden schon jetzt auf 50 Millarden Euro gesch\u00e4tzt.<\/strong><\/p>\n\n\n\n<p><strong>Forderungen, jetzt noch die\u00a0 Laufzeit zu verl\u00e4ngern, sind teuer, unsinnig und gef\u00e4hrlich.<\/strong><\/p>\n\n\n\n<p><strong>Vier Gr\u00fcnde:<\/strong><\/p>\n\n\n\n<p><strong>Die Abh\u00e4ngigkeit von Russland w\u00fcrde sich verschlimmern, weil Russland auf dem Weltmarkt f\u00fcr Urananreicherung und Brennstoffherstellung eine marktbeherrschende Stellung hat.<\/strong><\/p>\n\n\n\n<p><strong>Eine Laufzeitverl\u00e4ngerung w\u00fcrde gigantische zus\u00e4tzliche staatliche Subventionen erfordern. Zahlen aus Belgien gehen von 10 Milliarden Euro pro Reaktor aus.<\/strong><\/p>\n\n\n\n<p><strong>Vorgeschriebene 10-j\u00e4hrige Sicherheits\u00fcberpr\u00fcfungen sind seit vier (!) Jahren \u00fcberf\u00e4llig und w\u00fcrden vermutlich ebenso wie bei den baugleichen franz\u00f6sischen Atomkraftwerken zu l\u00e4ngerfristigen Stilllegungen f\u00fchren.<\/strong><\/p>\n\n\n\n<p><strong>Der kosteng\u00fcnstigste Strom kommt von den Erneuerbaren Energien. Blieben Atomkraftwerke am Netz, w\u00fcrde der B\u00f6rsenstrompreis durch den Merrit-Order-Effekt (der teuerste Anbieter bestimmt den B\u00f6rsenpreis f\u00fcr alle) steigen.<\/strong><\/p>\n\n\n\n<figure class=\"wp-block-image size-full\"><a href=\"https:\/\/www.thomas-griese-aachen.de\/wp-content\/uploads\/2023\/04\/59093_1199860054162_1758379851_407231_1632772_n.jpg\"><img loading=\"lazy\" decoding=\"async\" width=\"720\" height=\"482\" src=\"https:\/\/www.thomas-griese-aachen.de\/wp-content\/uploads\/2023\/04\/59093_1199860054162_1758379851_407231_1632772_n.jpg\" alt=\"\" class=\"wp-image-2461\" srcset=\"https:\/\/www.thomas-griese-aachen.de\/wp-content\/uploads\/2023\/04\/59093_1199860054162_1758379851_407231_1632772_n.jpg 720w, https:\/\/www.thomas-griese-aachen.de\/wp-content\/uploads\/2023\/04\/59093_1199860054162_1758379851_407231_1632772_n-300x201.jpg 300w\" sizes=\"auto, (max-width: 720px) 100vw, 720px\" \/><\/a><\/figure>\n\n\n\n<p><strong>Gut, dass Gr\u00fcne an der Bundesregierung beteiligt sind \u2013 ansonsten w\u00e4ren wir vor energiepolitischen Dummheiten nicht gesch\u00fctzt!<\/strong><\/p>\n","protected":false},"excerpt":{"rendered":"<p>Am 15.4 werden die letzten drei Atomkraftwerke in Deutschland abgeschaltet. Nach Jahrzehnten des Protestes und des Kampfes gegen diese Hochrisikotechnologie ist dies ein riesiger Erfolg der deutschen Umweltbewegung. Viele Menschen werden an diesem Tag in Lingen, Neckarwestheim und M\u00fcnchen feiern. Dabei werden die Kosten der Atomkraft uns und nachfolgende Generationen noch lange belasten. Die Kosten &#8230; <span class=\"more\"><a class=\"more-link\" href=\"https:\/\/www.thomas-griese-aachen.de\/?p=2458\">[Read more&#8230;]<\/a><\/span><\/p>\n","protected":false},"author":3,"featured_media":0,"comment_status":"closed","ping_status":"","sticky":false,"template":"","format":"standard","meta":{"footnotes":""},"categories":[1],"tags":[99,41],"class_list":{"0":"entry","1":"post","2":"publish","3":"author-thomasgriese","4":"post-2458","6":"format-standard","7":"category-allgemein","8":"post_tag-atomausstieg","9":"post_tag-energiewende"},"_links":{"self":[{"href":"https:\/\/www.thomas-griese-aachen.de\/index.php?rest_route=\/wp\/v2\/posts\/2458","targetHints":{"allow":["GET"]}}],"collection":[{"href":"https:\/\/www.thomas-griese-aachen.de\/index.php?rest_route=\/wp\/v2\/posts"}],"about":[{"href":"https:\/\/www.thomas-griese-aachen.de\/index.php?rest_route=\/wp\/v2\/types\/post"}],"author":[{"embeddable":true,"href":"https:\/\/www.thomas-griese-aachen.de\/index.php?rest_route=\/wp\/v2\/users\/3"}],"replies":[{"embeddable":true,"href":"https:\/\/www.thomas-griese-aachen.de\/index.php?rest_route=%2Fwp%2Fv2%2Fcomments&post=2458"}],"version-history":[{"count":1,"href":"https:\/\/www.thomas-griese-aachen.de\/index.php?rest_route=\/wp\/v2\/posts\/2458\/revisions"}],"predecessor-version":[{"id":2462,"href":"https:\/\/www.thomas-griese-aachen.de\/index.php?rest_route=\/wp\/v2\/posts\/2458\/revisions\/2462"}],"wp:attachment":[{"href":"https:\/\/www.thomas-griese-aachen.de\/index.php?rest_route=%2Fwp%2Fv2%2Fmedia&parent=2458"}],"wp:term":[{"taxonomy":"category","embeddable":true,"href":"https:\/\/www.thomas-griese-aachen.de\/index.php?rest_route=%2Fwp%2Fv2%2Fcategories&post=2458"},{"taxonomy":"post_tag","embeddable":true,"href":"https:\/\/www.thomas-griese-aachen.de\/index.php?rest_route=%2Fwp%2Fv2%2Ftags&post=2458"}],"curies":[{"name":"wp","href":"https:\/\/api.w.org\/{rel}","templated":true}]}}