{"id":2428,"date":"2023-03-12T19:52:38","date_gmt":"2023-03-12T19:52:38","guid":{"rendered":"https:\/\/www.thomas-griese-aachen.de\/?p=2428"},"modified":"2023-03-12T19:57:03","modified_gmt":"2023-03-12T19:57:03","slug":"caritasstiftung-fuer-das-bistum-aachen-lobt-klimaschutzpreis-aus","status":"publish","type":"post","link":"https:\/\/www.thomas-griese-aachen.de\/?p=2428","title":{"rendered":"Caritasstiftung f\u00fcr das Bistum Aachen lobt Klimaschutzpreis aus"},"content":{"rendered":"\n<p id=\"block-74c4bbfd-60eb-4e86-820a-fca67c76f956\">Unter dem Titel <strong><em><mark>&#8222;Klimaschutz, der allen nutzt&#8220; <\/mark><\/em><\/strong>hat die Caritas-Gemeinschaftsstiftung f\u00fcr das Bistum Aachen den Teresa-Bock Preis 2023 ausgeschrieben. Als Vorsitzender des Umweltaussschusses der St\u00e4dteregion Aachen habe ich die Ehre in der Jury mitzuwirken und freue mich \u00fcber das Klimaschutzengagement der Caritas.<\/p>\n\n\n\n<p><a href=\"https:\/\/epaper.aachener-zeitung.de\/data\/7379\/reader\/reader.html?social#!preferred\/0\/package\/7379\/pub\/15777\/page\/16\/content\/181525\">https:\/\/epaper.aachener-zeitung.de\/data\/7379\/reader\/reader.html?social#!preferred\/0\/package\/7379\/pub\/15777\/page\/16\/content\/181525<\/a><\/p>\n\n\n\n<p id=\"block-8771617e-fbf9-4605-8ad6-3d5dba0720a5\">Aus dem Ausschreibungstext:<\/p>\n\n\n\n<p id=\"block-81a6cc1a-c8ac-406e-ba38-8ebd88e7407d\"><em>Bewerbungen aus dem Bistum Aachen sind bei der Caritas-Gemeinschaftsstiftung f\u00fcr das Bistum Aachen bis zum 20. Juni 23 m\u00f6glich.<br>Die eingereichten Beitr\u00e4ge sollen zeigen, mit welchen Ma\u00dfnahmen, Konzepten und Ans\u00e4tzen &#8211; im Kleinen wie im Gro\u00dfen \u2013 Ursachen von Armut, soziale Ungerechtigkeit und Notlagen heute und morgen durch den Schutz des Klimas bek\u00e4mpft werden k\u00f6nnen. <\/em><\/p>\n\n\n\n<p id=\"block-81a6cc1a-c8ac-406e-ba38-8ebd88e7407d\"><em>Dies k\u00f6nnen Nachhaltigkeits-, Energiespar-, Bildungs- oder Umweltprojekte sein, die auf den Zusammenhalt der Gesellschaft und Teilhabechancen des Einzelnen abzielen.<br>Gesucht werden Projekte und Ma\u00dfnahmen, die bereits umgesetzt wurden, aktuell durchgef\u00fchrt werden oder auch in Planung s<\/em>ind.<\/p>\n","protected":false},"excerpt":{"rendered":"<p>Unter dem Titel &#8222;Klimaschutz, der allen nutzt&#8220; hat die Caritas-Gemeinschaftsstiftung f\u00fcr das Bistum Aachen den Teresa-Bock Preis 2023 ausgeschrieben. Als Vorsitzender des Umweltaussschusses der St\u00e4dteregion Aachen habe ich die Ehre in der Jury mitzuwirken und freue mich \u00fcber das Klimaschutzengagement der Caritas. https:\/\/epaper.aachener-zeitung.de\/data\/7379\/reader\/reader.html?social#!preferred\/0\/package\/7379\/pub\/15777\/page\/16\/content\/181525 Aus dem Ausschreibungstext: Bewerbungen aus dem Bistum Aachen sind bei der Caritas-Gemeinschaftsstiftung &#8230; <span class=\"more\"><a class=\"more-link\" href=\"https:\/\/www.thomas-griese-aachen.de\/?p=2428\">[Read more&#8230;]<\/a><\/span><\/p>\n","protected":false},"author":3,"featured_media":0,"comment_status":"open","ping_status":"closed","sticky":false,"template":"","format":"standard","meta":{"footnotes":""},"categories":[1],"tags":[25],"class_list":{"0":"entry","1":"post","2":"publish","3":"author-thomasgriese","4":"post-2428","6":"format-standard","7":"category-allgemein","8":"post_tag-klimaschutz"},"_links":{"self":[{"href":"https:\/\/www.thomas-griese-aachen.de\/index.php?rest_route=\/wp\/v2\/posts\/2428","targetHints":{"allow":["GET"]}}],"collection":[{"href":"https:\/\/www.thomas-griese-aachen.de\/index.php?rest_route=\/wp\/v2\/posts"}],"about":[{"href":"https:\/\/www.thomas-griese-aachen.de\/index.php?rest_route=\/wp\/v2\/types\/post"}],"author":[{"embeddable":true,"href":"https:\/\/www.thomas-griese-aachen.de\/index.php?rest_route=\/wp\/v2\/users\/3"}],"replies":[{"embeddable":true,"href":"https:\/\/www.thomas-griese-aachen.de\/index.php?rest_route=%2Fwp%2Fv2%2Fcomments&post=2428"}],"version-history":[{"count":3,"href":"https:\/\/www.thomas-griese-aachen.de\/index.php?rest_route=\/wp\/v2\/posts\/2428\/revisions"}],"predecessor-version":[{"id":2435,"href":"https:\/\/www.thomas-griese-aachen.de\/index.php?rest_route=\/wp\/v2\/posts\/2428\/revisions\/2435"}],"wp:attachment":[{"href":"https:\/\/www.thomas-griese-aachen.de\/index.php?rest_route=%2Fwp%2Fv2%2Fmedia&parent=2428"}],"wp:term":[{"taxonomy":"category","embeddable":true,"href":"https:\/\/www.thomas-griese-aachen.de\/index.php?rest_route=%2Fwp%2Fv2%2Fcategories&post=2428"},{"taxonomy":"post_tag","embeddable":true,"href":"https:\/\/www.thomas-griese-aachen.de\/index.php?rest_route=%2Fwp%2Fv2%2Ftags&post=2428"}],"curies":[{"name":"wp","href":"https:\/\/api.w.org\/{rel}","templated":true}]}}