{"id":2402,"date":"2023-01-10T18:22:55","date_gmt":"2023-01-10T18:22:55","guid":{"rendered":"https:\/\/www.thomas-griese-aachen.de\/?p=2402"},"modified":"2023-01-10T18:22:56","modified_gmt":"2023-01-10T18:22:56","slug":"haushalt-der-staedteregion-fuer-2023-verabschiedet-wichtige-schwerpunkte-fuer-den-klimaschutz-in-der-staedteregion-aachen","status":"publish","type":"post","link":"https:\/\/www.thomas-griese-aachen.de\/?p=2402","title":{"rendered":"Haushalt der St\u00e4dteregion f\u00fcr 2023 verabschiedet- wichtige Schwerpunkte f\u00fcr den Klimaschutz in der St\u00e4dteregion Aachen"},"content":{"rendered":"\n<p>K\u00fcrzlich ist der Haushalt der St\u00e4dteregion f\u00fcr 2023 im St\u00e4dteregionstag mit der Mehrheit aus Gr\u00fcnen und CDU verabschiedet worden.<\/p>\n\n\n\n<p>Drei wichtige Schwerpunkte f\u00fcr den Klimaschutz sind dabei gesetzt worden.<\/p>\n\n\n\n<ol class=\"wp-block-list\"><li><strong>Das F\u00f6rderprogramm f\u00fcr Photovoltaik ist verbessert und die Mittel sind erheblich aufgestockt worden. Bereits in 2022 hatte das F\u00f6rderprogramm grossen Erfolg. \u00dcber 400 Antr\u00e4ge konnten bewilligt werden. F\u00fcr 2023 sind die Mittel mehr als verdoppelt worden auf 500.000 \u20ac.<\/strong><\/li><\/ol>\n\n\n\n<figure class=\"wp-block-gallery has-nested-images columns-default is-cropped wp-block-gallery-1 is-layout-flex wp-block-gallery-is-layout-flex\">\n<figure class=\"wp-block-image size-large\"><a href=\"https:\/\/www.thomas-griese-aachen.de\/wp-content\/uploads\/2023\/01\/9067299C-489B-453C-A5A6-48EC29795FCA.jpeg\"><img loading=\"lazy\" decoding=\"async\" width=\"400\" height=\"400\" data-id=\"2403\" src=\"https:\/\/www.thomas-griese-aachen.de\/wp-content\/uploads\/2023\/01\/9067299C-489B-453C-A5A6-48EC29795FCA.jpeg\" alt=\"\" class=\"wp-image-2403\" srcset=\"https:\/\/www.thomas-griese-aachen.de\/wp-content\/uploads\/2023\/01\/9067299C-489B-453C-A5A6-48EC29795FCA.jpeg 400w, https:\/\/www.thomas-griese-aachen.de\/wp-content\/uploads\/2023\/01\/9067299C-489B-453C-A5A6-48EC29795FCA-300x300.jpeg 300w, https:\/\/www.thomas-griese-aachen.de\/wp-content\/uploads\/2023\/01\/9067299C-489B-453C-A5A6-48EC29795FCA-150x150.jpeg 150w\" sizes=\"auto, (max-width: 400px) 100vw, 400px\" \/><\/a><\/figure>\n<\/figure>\n\n\n\n<ol class=\"wp-block-list\" start=\"2\"><li><strong>Zus\u00e4tzliche Haushaltsmittel in H\u00f6he von 200.000 \u20ac werden f\u00fcr die F\u00f6rderung von Balkonsolaranlagen eingestellt. Damit k\u00f6nnen etwa 1.000 Balkonsolaranlagen in der St\u00e4dteregion gef\u00f6rdert werden. So k\u00f6nnen auch Mieterinnen und Mieter ihre Stromkosten durch die Anschaffung von Balkonsolaranlagen erheblich senken.&nbsp;<\/strong><\/li><\/ol>\n\n\n\n<ol class=\"wp-block-list\" start=\"3\"><li><strong>F\u00fcr die Windkraftplanung der Kommunen erhalten die St\u00e4dte und Gemeinden der St\u00e4dteregion zuk\u00fcnftig eine F\u00f6rderung. Hintergrund ist, da\u00df die St\u00e4dte und Gemeinden nicht genug eigene personelle und finanzielle Ressourcen haben, um entsprechende Fl\u00e4chennutzungsplanungen zu realisieren. Gerade wegen mangelnder Fl\u00e4chenausweisungen kommt der Windkraftausbau nicht schnell genug voran. Daf\u00fcr stehen jetzt Haushaltsmittel in H\u00f6he von 200.000 \u20ac zur Verf\u00fcgung. Die k\u00f6nnen auch f\u00fcr die Planungen von Photovoltaik-Freifl\u00e4chenanlagen genutzt werden.<\/strong><\/li><\/ol>\n\n\n\n<figure class=\"wp-block-image size-large\"><a href=\"https:\/\/www.thomas-griese-aachen.de\/wp-content\/uploads\/2023\/01\/278960DB-A5AC-40B3-99D8-1EA62C570FE8-scaled.jpeg\"><img loading=\"lazy\" decoding=\"async\" width=\"1024\" height=\"576\" src=\"https:\/\/www.thomas-griese-aachen.de\/wp-content\/uploads\/2023\/01\/278960DB-A5AC-40B3-99D8-1EA62C570FE8-1024x576.jpeg\" alt=\"\" class=\"wp-image-2404\" srcset=\"https:\/\/www.thomas-griese-aachen.de\/wp-content\/uploads\/2023\/01\/278960DB-A5AC-40B3-99D8-1EA62C570FE8-1024x576.jpeg 1024w, https:\/\/www.thomas-griese-aachen.de\/wp-content\/uploads\/2023\/01\/278960DB-A5AC-40B3-99D8-1EA62C570FE8-300x169.jpeg 300w, https:\/\/www.thomas-griese-aachen.de\/wp-content\/uploads\/2023\/01\/278960DB-A5AC-40B3-99D8-1EA62C570FE8-768x432.jpeg 768w, https:\/\/www.thomas-griese-aachen.de\/wp-content\/uploads\/2023\/01\/278960DB-A5AC-40B3-99D8-1EA62C570FE8-1536x864.jpeg 1536w, https:\/\/www.thomas-griese-aachen.de\/wp-content\/uploads\/2023\/01\/278960DB-A5AC-40B3-99D8-1EA62C570FE8-2048x1152.jpeg 2048w\" sizes=\"auto, (max-width: 1024px) 100vw, 1024px\" \/><\/a><\/figure>\n\n\n\n<p>Schade ist, da\u00df die Oppositionsparteien SPD und FDP dem Haushalt nicht zugestimmt haben. Die SPD hat zwar die Notwendigkeit des Klimaschutzes unterstrichen, aber keine weiterf\u00fchrenden Vorschl\u00e4ge gemacht. Interessant war, da\u00df die FDP anders als in fr\u00fcheren Zeiten sich zu Windkraftausbau und Kohleausstieg bekannt hat, aber als Vorschlag nur die Idee hatte, da\u00df die St\u00e4dteregion selbst Windr\u00e4der bauen sollte. Ja, aber wo? Es wurde grundlegend verkannt, da\u00df das nichts zur Probleml\u00f6sung beitr\u00e4gt, denn der Windkraftausbau scheitert an mangelnder Fl\u00e4chenausweisung und daf\u00fcr sind allein die St\u00e4dte und Gemeinden in der St\u00e4dteregion zust\u00e4ndig. Deshalb macht die F\u00f6rderung der kommunalen Planung Sinn.<\/p>\n","protected":false},"excerpt":{"rendered":"<p>K\u00fcrzlich ist der Haushalt der St\u00e4dteregion f\u00fcr 2023 im St\u00e4dteregionstag mit der Mehrheit aus Gr\u00fcnen und CDU verabschiedet worden. Drei wichtige Schwerpunkte f\u00fcr den Klimaschutz sind dabei gesetzt worden. Das F\u00f6rderprogramm f\u00fcr Photovoltaik ist verbessert und die Mittel sind erheblich aufgestockt worden. Bereits in 2022 hatte das F\u00f6rderprogramm grossen Erfolg. \u00dcber 400 Antr\u00e4ge konnten bewilligt &#8230; <span class=\"more\"><a class=\"more-link\" href=\"https:\/\/www.thomas-griese-aachen.de\/?p=2402\">[Read more&#8230;]<\/a><\/span><\/p>\n","protected":false},"author":3,"featured_media":0,"comment_status":"open","ping_status":"closed","sticky":false,"template":"","format":"standard","meta":{"footnotes":""},"categories":[1],"tags":[105,106,56],"class_list":{"0":"entry","1":"post","2":"publish","3":"author-thomasgriese","4":"post-2402","6":"format-standard","7":"category-allgemein","8":"post_tag-balkonsolaranlagen","9":"post_tag-kommunale-windkraftplanung","10":"post_tag-staedteregion-aachen"},"_links":{"self":[{"href":"https:\/\/www.thomas-griese-aachen.de\/index.php?rest_route=\/wp\/v2\/posts\/2402","targetHints":{"allow":["GET"]}}],"collection":[{"href":"https:\/\/www.thomas-griese-aachen.de\/index.php?rest_route=\/wp\/v2\/posts"}],"about":[{"href":"https:\/\/www.thomas-griese-aachen.de\/index.php?rest_route=\/wp\/v2\/types\/post"}],"author":[{"embeddable":true,"href":"https:\/\/www.thomas-griese-aachen.de\/index.php?rest_route=\/wp\/v2\/users\/3"}],"replies":[{"embeddable":true,"href":"https:\/\/www.thomas-griese-aachen.de\/index.php?rest_route=%2Fwp%2Fv2%2Fcomments&post=2402"}],"version-history":[{"count":3,"href":"https:\/\/www.thomas-griese-aachen.de\/index.php?rest_route=\/wp\/v2\/posts\/2402\/revisions"}],"predecessor-version":[{"id":2407,"href":"https:\/\/www.thomas-griese-aachen.de\/index.php?rest_route=\/wp\/v2\/posts\/2402\/revisions\/2407"}],"wp:attachment":[{"href":"https:\/\/www.thomas-griese-aachen.de\/index.php?rest_route=%2Fwp%2Fv2%2Fmedia&parent=2402"}],"wp:term":[{"taxonomy":"category","embeddable":true,"href":"https:\/\/www.thomas-griese-aachen.de\/index.php?rest_route=%2Fwp%2Fv2%2Fcategories&post=2402"},{"taxonomy":"post_tag","embeddable":true,"href":"https:\/\/www.thomas-griese-aachen.de\/index.php?rest_route=%2Fwp%2Fv2%2Ftags&post=2402"}],"curies":[{"name":"wp","href":"https:\/\/api.w.org\/{rel}","templated":true}]}}