{"id":1991,"date":"2017-07-23T19:35:03","date_gmt":"2017-07-23T19:35:03","guid":{"rendered":"http:\/\/www.thomas-griese-aachen.de\/?p=1991"},"modified":"2017-07-23T19:35:03","modified_gmt":"2017-07-23T19:35:03","slug":"betriebsratschef-fordert-die-entlassung-von-audi-vorstaenden-ich-kann-die-ganzen-luegen-nicht-mehr-ertragen","status":"publish","type":"post","link":"https:\/\/www.thomas-griese-aachen.de\/?p=1991","title":{"rendered":"Betriebsratschef fordert die Entlassung von Audi-Vorst\u00e4nden: &#8222;Ich kann die ganzen L\u00fcgen nicht mehr ertragen&#8220;"},"content":{"rendered":"<p><strong>Mit einem bemerkenswerten Interview hat sich Porsche-Betriebsratschef Uwe H\u00fcck am 23.7.2017 im Abgasskandal zu Wort gemeldet.<br \/>\nImmer wieder h\u00e4tten die Audi Vorst\u00e4nde schriftlich und m\u00fcndlich versichert, dass die gelieferten Motoren in Ordnung seien. Nichts davon habe gestimmt.<br \/>\nEs seien, so w\u00f6rtlich &#8222;kranke Motoren&#8220; gewesen.<br \/>\nH\u00fcck weiter w\u00f6rtlich: &#8222;Ich kann diese ganzen L\u00fcgen nicht mehr ertragen.&#8220;<\/p>\n<p>Er fordert die Entlassung der Audi-Vorst\u00e4nde.<\/p>\n<p>Recht hat er!<\/strong><\/p>\n","protected":false},"excerpt":{"rendered":"<p>Mit einem bemerkenswerten Interview hat sich Porsche-Betriebsratschef Uwe H\u00fcck am 23.7.2017 im Abgasskandal zu Wort gemeldet. Immer wieder h\u00e4tten die Audi Vorst\u00e4nde schriftlich und m\u00fcndlich versichert, dass die gelieferten Motoren in Ordnung seien. Nichts davon habe gestimmt. Es seien, so w\u00f6rtlich &#8222;kranke Motoren&#8220; gewesen. H\u00fcck weiter w\u00f6rtlich: &#8222;Ich kann diese ganzen L\u00fcgen nicht mehr ertragen.&#8220; &#8230; <span class=\"more\"><a class=\"more-link\" href=\"https:\/\/www.thomas-griese-aachen.de\/?p=1991\">[Read more&#8230;]<\/a><\/span><\/p>\n","protected":false},"author":3,"featured_media":0,"comment_status":"open","ping_status":"closed","sticky":false,"template":"","format":"standard","meta":{"footnotes":""},"categories":[1,64,23],"tags":[],"class_list":{"0":"entry","1":"post","2":"publish","3":"author-thomasgriese","4":"post-1991","6":"format-standard","7":"category-allgemein","8":"category-umweltschutz","9":"category-wirtschaft"},"_links":{"self":[{"href":"https:\/\/www.thomas-griese-aachen.de\/index.php?rest_route=\/wp\/v2\/posts\/1991","targetHints":{"allow":["GET"]}}],"collection":[{"href":"https:\/\/www.thomas-griese-aachen.de\/index.php?rest_route=\/wp\/v2\/posts"}],"about":[{"href":"https:\/\/www.thomas-griese-aachen.de\/index.php?rest_route=\/wp\/v2\/types\/post"}],"author":[{"embeddable":true,"href":"https:\/\/www.thomas-griese-aachen.de\/index.php?rest_route=\/wp\/v2\/users\/3"}],"replies":[{"embeddable":true,"href":"https:\/\/www.thomas-griese-aachen.de\/index.php?rest_route=%2Fwp%2Fv2%2Fcomments&post=1991"}],"version-history":[{"count":3,"href":"https:\/\/www.thomas-griese-aachen.de\/index.php?rest_route=\/wp\/v2\/posts\/1991\/revisions"}],"predecessor-version":[{"id":2004,"href":"https:\/\/www.thomas-griese-aachen.de\/index.php?rest_route=\/wp\/v2\/posts\/1991\/revisions\/2004"}],"wp:attachment":[{"href":"https:\/\/www.thomas-griese-aachen.de\/index.php?rest_route=%2Fwp%2Fv2%2Fmedia&parent=1991"}],"wp:term":[{"taxonomy":"category","embeddable":true,"href":"https:\/\/www.thomas-griese-aachen.de\/index.php?rest_route=%2Fwp%2Fv2%2Fcategories&post=1991"},{"taxonomy":"post_tag","embeddable":true,"href":"https:\/\/www.thomas-griese-aachen.de\/index.php?rest_route=%2Fwp%2Fv2%2Ftags&post=1991"}],"curies":[{"name":"wp","href":"https:\/\/api.w.org\/{rel}","templated":true}]}}