{"id":1898,"date":"2017-03-26T10:47:14","date_gmt":"2017-03-26T10:47:14","guid":{"rendered":"http:\/\/www.thomas-griese-aachen.de\/?p=1898"},"modified":"2017-03-26T10:48:42","modified_gmt":"2017-03-26T10:48:42","slug":"waermewende-in-rheinland-pfalz","status":"publish","type":"post","link":"https:\/\/www.thomas-griese-aachen.de\/?p=1898","title":{"rendered":"W\u00e4rmewende in Rheinland-Pfalz"},"content":{"rendered":"<p><strong>So geht W\u00e4rmewende konkret.<br \/>\nVeranstaltung am 29.3.2017 in Mainz<\/strong><\/p>\n<p><a href=\"http:\/\/www.thomas-griese-aachen.de\/wp-content\/uploads\/2017\/03\/C7riwysXQAAW1fR.jpg-small.jpeg\"><img loading=\"lazy\" decoding=\"async\" src=\"http:\/\/www.thomas-griese-aachen.de\/wp-content\/uploads\/2017\/03\/C7riwysXQAAW1fR.jpg-small.jpeg\" alt=\"\" width=\"662\" height=\"647\" class=\"aligncenter size-full wp-image-1907\" srcset=\"https:\/\/www.thomas-griese-aachen.de\/wp-content\/uploads\/2017\/03\/C7riwysXQAAW1fR.jpg-small.jpeg 662w, https:\/\/www.thomas-griese-aachen.de\/wp-content\/uploads\/2017\/03\/C7riwysXQAAW1fR.jpg-small-300x293.jpeg 300w\" sizes=\"auto, (max-width: 662px) 100vw, 662px\" \/><\/a><br \/>\n<strong>PROGRAMM<br \/>\n18:00 Uhr Begr\u00fc\u00dfung und Vorstellung des W\u00e4rmekonzeptes f\u00fcr Rheinland-Pfalz<br \/>\nDr. Thomas Griese, Staatssekret\u00e4r im Ministerium f\u00fcr Umwelt, Energie, Ern\u00e4hrung und Forsten Rheinland-Pfalz<\/p>\n<p>18:15 Uhr W\u00e4rmewende vor Ort gestalten \u2013 Handlungsempfehlungen f\u00fcr die Region Eifel\/Trier<br \/>\nAchim Hill, Gesch\u00e4ftsf\u00fchrer der Energieagentur Region Trier<\/p>\n<p>18:30 Uhr W\u00e4rmeversorgung in B\u00fcrgerhand \u2013 Energiegenossenschaft in Kappel betreibt Nahw\u00e4rmenetz<br \/>\nMichael Stein, Vorstand Energiegenossenschaft Kappel eG<\/p>\n<p>18:45 Uhr R\u00e4ume verbinden \u2013 Biogas aus der Eifel f\u00fcr das Stadtgebiet Trier<br \/>\nArndt M\u00fcller, Vorstand Stadtwerke Trier<\/p>\n<p>19:00 Uhr Sektorkopplung \u2013 In Pirmasens wird Wind und Solarstrom zu Gas und W\u00e4rme<br \/>\nKlaus Kreibich, Gesch\u00e4ftsf\u00fchrer der Stadtwerke Pirmasens Holding GmbH<\/p>\n<p>19:15 Uhr W\u00e4rmewende in den eigenen vier W\u00e4nden \u2013 Privates Wohnhaus in Holzbauweise mit W\u00e4rmegewinnung aus Holz<br \/>\nAxel Henke<\/p>\n<p>19:30 Uhr Abschlussdiskussion mit den Referenten<\/p>\n<p>Moderation: Dr. Tobias Woll, Energieagentur Rheinland-Pfalz <\/strong><\/p>\n","protected":false},"excerpt":{"rendered":"<p>So geht W\u00e4rmewende konkret. Veranstaltung am 29.3.2017 in Mainz PROGRAMM 18:00 Uhr Begr\u00fc\u00dfung und Vorstellung des W\u00e4rmekonzeptes f\u00fcr Rheinland-Pfalz Dr. Thomas Griese, Staatssekret\u00e4r im Ministerium f\u00fcr Umwelt, Energie, Ern\u00e4hrung und Forsten Rheinland-Pfalz 18:15 Uhr W\u00e4rmewende vor Ort gestalten \u2013 Handlungsempfehlungen f\u00fcr die Region Eifel\/Trier Achim Hill, Gesch\u00e4ftsf\u00fchrer der Energieagentur Region Trier 18:30 Uhr W\u00e4rmeversorgung in &#8230; <span class=\"more\"><a class=\"more-link\" href=\"https:\/\/www.thomas-griese-aachen.de\/?p=1898\">[Read more&#8230;]<\/a><\/span><\/p>\n","protected":false},"author":3,"featured_media":0,"comment_status":"open","ping_status":"closed","sticky":false,"template":"","format":"standard","meta":{"footnotes":""},"categories":[1,19,18,70],"tags":[],"class_list":{"0":"entry","1":"post","2":"publish","3":"author-thomasgriese","4":"post-1898","6":"format-standard","7":"category-allgemein","8":"category-energiepolitik","9":"category-erneuerbare-energien-themen","10":"category-klimaschutz"},"_links":{"self":[{"href":"https:\/\/www.thomas-griese-aachen.de\/index.php?rest_route=\/wp\/v2\/posts\/1898","targetHints":{"allow":["GET"]}}],"collection":[{"href":"https:\/\/www.thomas-griese-aachen.de\/index.php?rest_route=\/wp\/v2\/posts"}],"about":[{"href":"https:\/\/www.thomas-griese-aachen.de\/index.php?rest_route=\/wp\/v2\/types\/post"}],"author":[{"embeddable":true,"href":"https:\/\/www.thomas-griese-aachen.de\/index.php?rest_route=\/wp\/v2\/users\/3"}],"replies":[{"embeddable":true,"href":"https:\/\/www.thomas-griese-aachen.de\/index.php?rest_route=%2Fwp%2Fv2%2Fcomments&post=1898"}],"version-history":[{"count":5,"href":"https:\/\/www.thomas-griese-aachen.de\/index.php?rest_route=\/wp\/v2\/posts\/1898\/revisions"}],"predecessor-version":[{"id":1911,"href":"https:\/\/www.thomas-griese-aachen.de\/index.php?rest_route=\/wp\/v2\/posts\/1898\/revisions\/1911"}],"wp:attachment":[{"href":"https:\/\/www.thomas-griese-aachen.de\/index.php?rest_route=%2Fwp%2Fv2%2Fmedia&parent=1898"}],"wp:term":[{"taxonomy":"category","embeddable":true,"href":"https:\/\/www.thomas-griese-aachen.de\/index.php?rest_route=%2Fwp%2Fv2%2Fcategories&post=1898"},{"taxonomy":"post_tag","embeddable":true,"href":"https:\/\/www.thomas-griese-aachen.de\/index.php?rest_route=%2Fwp%2Fv2%2Ftags&post=1898"}],"curies":[{"name":"wp","href":"https:\/\/api.w.org\/{rel}","templated":true}]}}