{"id":1859,"date":"2016-08-12T10:56:31","date_gmt":"2016-08-12T10:56:31","guid":{"rendered":"http:\/\/www.thomas-griese-aachen.de\/?p=1859"},"modified":"2016-08-12T10:58:34","modified_gmt":"2016-08-12T10:58:34","slug":"rheinland-pfalz-tritt-der-klage-gegen-das-belgische-akw-tihange-bei","status":"publish","type":"post","link":"https:\/\/www.thomas-griese-aachen.de\/?p=1859","title":{"rendered":"Rheinland-Pfalz tritt der Klage gegen das belgische AKW Tihange bei"},"content":{"rendered":"<p><strong>Das Land Rheinland-Pfalz wird der Klage der St\u00e4dteRegion Aachen gegen die Wiederinbetriebnahme des belgischen Atomkraftwerks Tihange 2 beitreten. Das hat die von SPD, FDP und B\u00dcNDNIS 90\/DIE GR\u00dcNEN gebildete Landesregierung des Landes Rheinland-Pfalz  unter Vorsitz von Ministerpr\u00e4sidentin Malu Dreyer am 12.07.2016 beschlossen.<br \/>\nSt\u00e4dteregionsrat Helmut Etschenberg, Staatssekret\u00e4r Dr. Thomas Griese (Rheinland-Pfalz) und der Leiter des B\u00fcros f\u00fcr Atomsicherheit, Professor Wolfgang Renneberg, der die St\u00e4dteRegion in dem Verfahren ber\u00e4t, trafen sich im Juli 2016 im Umwelt- und Energieministerium in Mainz, um die weiteren Schritte im Kampf gegen Tihange 2 zu besprechen. Das Land Rheinland-Pfalz k\u00e4mpft damit an der Seite der St\u00e4dteRegion Aachen um die Stilllegung des maroden Kraftwerkblocks Tihange 2.<br \/>\n<\/strong><\/p>\n<p><a href=\"http:\/\/www.thomas-griese-aachen.de\/wp-content\/uploads\/2016\/08\/8.7.2016.jpg\"><img loading=\"lazy\" decoding=\"async\" src=\"http:\/\/www.thomas-griese-aachen.de\/wp-content\/uploads\/2016\/08\/8.7.2016.jpg\" alt=\"8.7.2016\" width=\"465\" height=\"352\" class=\"aligncenter size-full wp-image-1860\" srcset=\"https:\/\/www.thomas-griese-aachen.de\/wp-content\/uploads\/2016\/08\/8.7.2016.jpg 465w, https:\/\/www.thomas-griese-aachen.de\/wp-content\/uploads\/2016\/08\/8.7.2016-300x227.jpg 300w\" sizes=\"auto, (max-width: 465px) 100vw, 465px\" \/><\/a><strong><em>Foto: St\u00e4dteregionsrat Helmut Etschenberg, Staatssekret\u00e4r Dr. Thomas Griese (Rheinland-Pfalz) und der Leiter des B\u00fcros f\u00fcr Atomsicherheit, Professor Wolfgang Renneberg<\/em><\/p>\n<p>\u201eDie Gespr\u00e4che mit Rheinland-Pfalz sind sehr zielorientiert und konstruktiv verlaufen.\u201c Es tut gut, neben dem Land Nordrhein-Westfalen einen weiteren starken Partner an unserer Seite zu wissen\u201c, erkl\u00e4rt Etschenberg. \u201eRheinland-Pfalz macht Druck! Vom ersten Sondierungsgespr\u00e4ch bis zum heutigen Klagebeitritt ist kaum eine Woche vergangen. Dies zeigt, mit welch hohem Engagement man sich in Rheinland-Pfalz des Themas Tihange annimmt!\u201c<\/p>\n<p><strong>Neben den juristischen Aktivit\u00e4ten setzen die Beteiligten weiterhin auf den Dialog mit den Nachbarn. \u201eDer Weiterbetrieb des AKW Tihange ist unverantwortlich. Wir m\u00fcssen mit vereinten Kr\u00e4ften und auf allen gesellschaftlichen sowie politischen Ebenen Druck machen, damit der Schrottreaktor endg\u00fcltig stillgelegt wird\u201c , erkl\u00e4rte Staatssekret\u00e4r Dr. Thomas Griese.<\/strong><br \/>\n<a href=\"http:\/\/www.thomas-griese-aachen.de\/wp-content\/uploads\/2016\/08\/image_large.jpg\"><img loading=\"lazy\" decoding=\"async\" src=\"http:\/\/www.thomas-griese-aachen.de\/wp-content\/uploads\/2016\/08\/image_large.jpg\" alt=\"image_large\" width=\"465\" height=\"201\" class=\"aligncenter size-full wp-image-1861\" srcset=\"https:\/\/www.thomas-griese-aachen.de\/wp-content\/uploads\/2016\/08\/image_large.jpg 465w, https:\/\/www.thomas-griese-aachen.de\/wp-content\/uploads\/2016\/08\/image_large-300x130.jpg 300w\" sizes=\"auto, (max-width: 465px) 100vw, 465px\" \/><\/a><br \/>\nParallel dazu bereiten die St\u00e4dteRegion Aachen sowie Maastricht (NL) und Wiltz (LUX) weitere Klagen vor einem Zivilgericht in Br\u00fcssel vor. \u201eIn diesem Verfahren soll anhand von Einzelf\u00e4llen die besondere Betroffenheit der Bev\u00f6lkerung bei einem atomaren Unfall in Tihange deutlich gemacht werden.<\/p>\n","protected":false},"excerpt":{"rendered":"<p>Das Land Rheinland-Pfalz wird der Klage der St\u00e4dteRegion Aachen gegen die Wiederinbetriebnahme des belgischen Atomkraftwerks Tihange 2 beitreten. Das hat die von SPD, FDP und B\u00dcNDNIS 90\/DIE GR\u00dcNEN gebildete Landesregierung des Landes Rheinland-Pfalz unter Vorsitz von Ministerpr\u00e4sidentin Malu Dreyer am 12.07.2016 beschlossen. St\u00e4dteregionsrat Helmut Etschenberg, Staatssekret\u00e4r Dr. Thomas Griese (Rheinland-Pfalz) und der Leiter des B\u00fcros &#8230; <span class=\"more\"><a class=\"more-link\" href=\"https:\/\/www.thomas-griese-aachen.de\/?p=1859\">[Read more&#8230;]<\/a><\/span><\/p>\n","protected":false},"author":3,"featured_media":0,"comment_status":"open","ping_status":"closed","sticky":false,"template":"","format":"standard","meta":{"footnotes":""},"categories":[1],"tags":[],"class_list":{"0":"entry","1":"post","2":"publish","3":"author-thomasgriese","4":"post-1859","6":"format-standard","7":"category-allgemein"},"_links":{"self":[{"href":"https:\/\/www.thomas-griese-aachen.de\/index.php?rest_route=\/wp\/v2\/posts\/1859","targetHints":{"allow":["GET"]}}],"collection":[{"href":"https:\/\/www.thomas-griese-aachen.de\/index.php?rest_route=\/wp\/v2\/posts"}],"about":[{"href":"https:\/\/www.thomas-griese-aachen.de\/index.php?rest_route=\/wp\/v2\/types\/post"}],"author":[{"embeddable":true,"href":"https:\/\/www.thomas-griese-aachen.de\/index.php?rest_route=\/wp\/v2\/users\/3"}],"replies":[{"embeddable":true,"href":"https:\/\/www.thomas-griese-aachen.de\/index.php?rest_route=%2Fwp%2Fv2%2Fcomments&post=1859"}],"version-history":[{"count":5,"href":"https:\/\/www.thomas-griese-aachen.de\/index.php?rest_route=\/wp\/v2\/posts\/1859\/revisions"}],"predecessor-version":[{"id":1867,"href":"https:\/\/www.thomas-griese-aachen.de\/index.php?rest_route=\/wp\/v2\/posts\/1859\/revisions\/1867"}],"wp:attachment":[{"href":"https:\/\/www.thomas-griese-aachen.de\/index.php?rest_route=%2Fwp%2Fv2%2Fmedia&parent=1859"}],"wp:term":[{"taxonomy":"category","embeddable":true,"href":"https:\/\/www.thomas-griese-aachen.de\/index.php?rest_route=%2Fwp%2Fv2%2Fcategories&post=1859"},{"taxonomy":"post_tag","embeddable":true,"href":"https:\/\/www.thomas-griese-aachen.de\/index.php?rest_route=%2Fwp%2Fv2%2Ftags&post=1859"}],"curies":[{"name":"wp","href":"https:\/\/api.w.org\/{rel}","templated":true}]}}