{"id":1809,"date":"2016-02-24T06:39:47","date_gmt":"2016-02-24T06:39:47","guid":{"rendered":"http:\/\/www.thomas-griese-aachen.de\/?p=1809"},"modified":"2016-02-28T10:41:54","modified_gmt":"2016-02-28T10:41:54","slug":"fluechtlingskontingente-kloeckners-kehrtwende-ist-inhuman","status":"publish","type":"post","link":"https:\/\/www.thomas-griese-aachen.de\/?p=1809","title":{"rendered":"Fl\u00fcchtlingskontingente &#8211; Kl\u00f6ckners Kehrtwende ist inhuman!"},"content":{"rendered":"<p><strong>Im Oktober 2015, als der Fl\u00fcchtlingszustrom schon in vollem Gang war, \u00a0ver\u00f6ffentlichte die CDU Kandidatin Julia Kl\u00f6ckner ein Buch mit dem Titel: \u201eZutrauen! Ideen statt Ideologien \u2013 Was mir in der Politik wichtig ist\u201c.<\/strong><\/p>\n<p>Dort ist Ihre Antwort auf \u00a0die Frage nachzulesen: \u201eBrauchen wir Kontingente, also eine Deckelung des Zustroms f\u00fcr Fl\u00fcchtlinge?\u201c <\/p>\n<p><strong>Antwort von Julia Kl\u00f6ckner: \u201eDas ist inhuman. Wie wollen Sie denn Fl\u00fcchtlinge quotieren, wenn doch der Fluchtgrund das Entscheidende ist? Was machen Sie, wenn das Kontingent eines Jahres bereits Ende M\u00e4rz ersch\u00f6pft ist, aber die menschenverachtenden Massaker in den betroffenen L\u00e4ndern weitergehen? Wollen Sie dann keinen mehr aufnehmen?\u201c<br \/>\n<\/strong><br \/>\n<strong>Keine f\u00fcnf \u00a0Monate sp\u00e4ter liest man in dem Papier von Julia Kl\u00f6ckner und Guido Wolf genau das Gegenteil: \u201eEs ist eine Frage des gesunden Menschenverstandes: Wir werden Zuzug nur regulieren und in den Griff bekommen k\u00f6nnen, wenn wir ein Steuerungssystem haben. Dieses fehlt uns bisher, und deshalb sind tagesaktuelle Kontingente\u00a0aus Grenzzentren und Hotspots so notwendig.\u201c<\/strong><\/p>\n<p>Wie ist das zu erkl\u00e4ren?<\/p>\n<p>Ist Julia Kl\u00f6ckner so vergesslich?<\/p>\n<p>Vertritt sie je nach Stimmungslage heute diese und morgen jene Meinung ohne eigene \u00dcberzeugung?<\/p>\n<p>Ist es \u201cnackte Panik\u201c (so der \u00a0Kommentar im SWR am 22.2.2016) angesichts sinkender Umfragewerte?<\/p>\n<p><strong>Auf jeden Fall ist es inhuman! \u00a0Zur Begr\u00fcndung muss man nur auf die Ausf\u00fchrungen in Ihrem Buch verweisen.<\/strong><\/p>\n","protected":false},"excerpt":{"rendered":"<p>Im Oktober 2015, als der Fl\u00fcchtlingszustrom schon in vollem Gang war, \u00a0ver\u00f6ffentlichte die CDU Kandidatin Julia Kl\u00f6ckner ein Buch mit dem Titel: \u201eZutrauen! Ideen statt Ideologien \u2013 Was mir in der Politik wichtig ist\u201c. Dort ist Ihre Antwort auf \u00a0die Frage nachzulesen: \u201eBrauchen wir Kontingente, also eine Deckelung des Zustroms f\u00fcr Fl\u00fcchtlinge?\u201c Antwort von Julia &#8230; <span class=\"more\"><a class=\"more-link\" href=\"https:\/\/www.thomas-griese-aachen.de\/?p=1809\">[Read more&#8230;]<\/a><\/span><\/p>\n","protected":false},"author":3,"featured_media":0,"comment_status":"open","ping_status":"closed","sticky":false,"template":"","format":"standard","meta":{"footnotes":""},"categories":[1],"tags":[],"class_list":{"0":"entry","1":"post","2":"publish","3":"author-thomasgriese","4":"post-1809","6":"format-standard","7":"category-allgemein"},"_links":{"self":[{"href":"https:\/\/www.thomas-griese-aachen.de\/index.php?rest_route=\/wp\/v2\/posts\/1809","targetHints":{"allow":["GET"]}}],"collection":[{"href":"https:\/\/www.thomas-griese-aachen.de\/index.php?rest_route=\/wp\/v2\/posts"}],"about":[{"href":"https:\/\/www.thomas-griese-aachen.de\/index.php?rest_route=\/wp\/v2\/types\/post"}],"author":[{"embeddable":true,"href":"https:\/\/www.thomas-griese-aachen.de\/index.php?rest_route=\/wp\/v2\/users\/3"}],"replies":[{"embeddable":true,"href":"https:\/\/www.thomas-griese-aachen.de\/index.php?rest_route=%2Fwp%2Fv2%2Fcomments&post=1809"}],"version-history":[{"count":3,"href":"https:\/\/www.thomas-griese-aachen.de\/index.php?rest_route=\/wp\/v2\/posts\/1809\/revisions"}],"predecessor-version":[{"id":1813,"href":"https:\/\/www.thomas-griese-aachen.de\/index.php?rest_route=\/wp\/v2\/posts\/1809\/revisions\/1813"}],"wp:attachment":[{"href":"https:\/\/www.thomas-griese-aachen.de\/index.php?rest_route=%2Fwp%2Fv2%2Fmedia&parent=1809"}],"wp:term":[{"taxonomy":"category","embeddable":true,"href":"https:\/\/www.thomas-griese-aachen.de\/index.php?rest_route=%2Fwp%2Fv2%2Fcategories&post=1809"},{"taxonomy":"post_tag","embeddable":true,"href":"https:\/\/www.thomas-griese-aachen.de\/index.php?rest_route=%2Fwp%2Fv2%2Ftags&post=1809"}],"curies":[{"name":"wp","href":"https:\/\/api.w.org\/{rel}","templated":true}]}}