{"id":172,"date":"2009-05-01T12:15:23","date_gmt":"2009-05-01T10:15:23","guid":{"rendered":"http:\/\/www.thomas-griese-aachen.de\/?p=172"},"modified":"2009-05-01T12:17:22","modified_gmt":"2009-05-01T10:17:22","slug":"tschernobyl-ist-nicht-vergessen-reaktorkatastrophe-vor-23-jahren","status":"publish","type":"post","link":"https:\/\/www.thomas-griese-aachen.de\/?p=172","title":{"rendered":"Tschernobyl ist nicht vergessen &#8211; Reaktorkatastrophe vor 23 Jahren"},"content":{"rendered":"\n<p>Am 26. April 1986 l\u00f6st eine au\u00dfer Kontrolle geratene Kettenreaktion im Block 4 des ukrainischen Atomkraftwerks Tschernobyl eine gewaltige Explosion aus. Die Strahlung breitet sich innerhalb weniger Tage bis nach Westeuropa aus. Sie kontaminiert St\u00e4dte,<br \/>\nD\u00f6rfer, \u00c4cker, Wiesen und W\u00e4lder. Spiel- und Sportpl\u00e4tze werden gesperrt. Viele Lebensmittel sind aufgrund ihrer hohen Strahlenbelastung f\u00fcr lange Zeit nicht mehr zum Verzehr geeignet. Die Bilanz des schrecklichen Ereignisses: 400.000 Menschen m\u00fcssen wegen Verstrahlung ihrer Heimat umgesiedelt werden, mehr als 200 Gemeinden h\u00f6ren auf zu existieren, tausende Menschen sterben, andere erkranken schwer. Noch immer leiden die Region und Hunderttausende Menschen unter den Nachwirkungen der Katastrophe. Und in vielen Regionen Europas sind auch heute noch R\u00fcckst\u00e4nde des nuklearen Fallouts in Pflanzen und Tieren vorhanden.<\/p>\n<p><strong>Kein Ausstieg aus dem Ausstieg<\/strong><\/p>\n<p>Dennoch agiert die Atomlobby inzwischen wieder so, als habe es den GAU in Tschernobyl nie gegeben und als seien alle anderen Probleme gel\u00f6st: Atomkraft wird von ihr als sicher und sauber verkauft und die Gefahren klein geredet. Europaweit versucht eine unheilige Allianz aus Atomkonzernen und konservativen und wirtschaftsliberalen Parteien die Renaissance der Atomkraft vorzubereiten. In Deutschland k\u00e4mpfen die Atomkonzerne offen f\u00fcr das Ende des Atomausstieges und versuchen mit juristischen Tricksereien die Laufzeit von Schrottmeilern immer weiter zu verl\u00e4ngern. <\/p>\n<p>Dabei zeigen die unglaublichen Vorg\u00e4nge um das Atomm\u00fclllager Asse, dass der schon jetzt produzierte Atomm\u00fcll eine nicht beherrschbare Gefahr f\u00fcr Generationen darstellt. Weder in Deutschland noch irgendwo sonst auf der Welt ist das Atomm\u00fcllproblem gel\u00f6st.<\/p>\n<p>Schon aus diesem Grund ist es unverantwortlich, die Laufzeiten von Atomkraftwerken zu verl\u00e4ngern und den Atomm\u00fcllberg noch zu vergr\u00f6\u00dfern.<\/p>\n<p>Statt dessen brauchen wir den Umstieg auf 100 % erneuerbare Energien und wir werden in der St\u00e4dteregion Aachen daf\u00fcr alle, reichlich vorhandenen Potenziale &#8211;  Wind, Sonne, Biomasse, Erdw\u00e4rme &#8211; nutzen.<\/p>\n","protected":false},"excerpt":{"rendered":"<p>Am 26. April 1986 l\u00f6st eine au\u00dfer Kontrolle geratene Kettenreaktion im Block 4 des ukrainischen Atomkraftwerks Tschernobyl eine gewaltige Explosion aus. Die Strahlung breitet sich innerhalb weniger Tage bis nach Westeuropa aus. Sie kontaminiert St\u00e4dte, D\u00f6rfer, \u00c4cker, Wiesen und W\u00e4lder. Spiel- und Sportpl\u00e4tze werden gesperrt. Viele Lebensmittel sind aufgrund ihrer hohen Strahlenbelastung f\u00fcr lange Zeit &#8230; <span class=\"more\"><a class=\"more-link\" href=\"https:\/\/www.thomas-griese-aachen.de\/?p=172\">[Read more&#8230;]<\/a><\/span><\/p>\n","protected":false},"author":3,"featured_media":0,"comment_status":"open","ping_status":"open","sticky":false,"template":"","format":"standard","meta":{"footnotes":""},"categories":[1],"tags":[],"class_list":{"0":"entry","1":"post","2":"publish","3":"author-thomasgriese","4":"post-172","6":"format-standard","7":"category-allgemein"},"_links":{"self":[{"href":"https:\/\/www.thomas-griese-aachen.de\/index.php?rest_route=\/wp\/v2\/posts\/172","targetHints":{"allow":["GET"]}}],"collection":[{"href":"https:\/\/www.thomas-griese-aachen.de\/index.php?rest_route=\/wp\/v2\/posts"}],"about":[{"href":"https:\/\/www.thomas-griese-aachen.de\/index.php?rest_route=\/wp\/v2\/types\/post"}],"author":[{"embeddable":true,"href":"https:\/\/www.thomas-griese-aachen.de\/index.php?rest_route=\/wp\/v2\/users\/3"}],"replies":[{"embeddable":true,"href":"https:\/\/www.thomas-griese-aachen.de\/index.php?rest_route=%2Fwp%2Fv2%2Fcomments&post=172"}],"version-history":[{"count":0,"href":"https:\/\/www.thomas-griese-aachen.de\/index.php?rest_route=\/wp\/v2\/posts\/172\/revisions"}],"wp:attachment":[{"href":"https:\/\/www.thomas-griese-aachen.de\/index.php?rest_route=%2Fwp%2Fv2%2Fmedia&parent=172"}],"wp:term":[{"taxonomy":"category","embeddable":true,"href":"https:\/\/www.thomas-griese-aachen.de\/index.php?rest_route=%2Fwp%2Fv2%2Fcategories&post=172"},{"taxonomy":"post_tag","embeddable":true,"href":"https:\/\/www.thomas-griese-aachen.de\/index.php?rest_route=%2Fwp%2Fv2%2Ftags&post=172"}],"curies":[{"name":"wp","href":"https:\/\/api.w.org\/{rel}","templated":true}]}}