{"id":1400,"date":"2014-04-22T11:17:01","date_gmt":"2014-04-22T11:17:01","guid":{"rendered":"http:\/\/www.thomas-griese-aachen.de\/?p=1400"},"modified":"2015-01-21T09:23:04","modified_gmt":"2015-01-21T09:23:04","slug":"kandidaten-der-gruenen-in-aachen-brand-fuer-die-kommunalwahl-am-25-5-2014","status":"publish","type":"post","link":"https:\/\/www.thomas-griese-aachen.de\/?p=1400","title":{"rendered":"Kandidaten der Gr\u00fcnen in Aachen Brand f\u00fcr die Kommunalwahl am 25.5.2014"},"content":{"rendered":"<p><a href=\"http:\/\/www.thomas-griese-aachen.de\/wp-content\/uploads\/2014\/04\/wahlbild-300x155.jpg\"><img loading=\"lazy\" decoding=\"async\" class=\"aligncenter size-full wp-image-1401\" src=\"http:\/\/www.thomas-griese-aachen.de\/wp-content\/uploads\/2014\/04\/wahlbild-300x155.jpg\" alt=\"wahlbild-300x155\" width=\"300\" height=\"155\" \/><\/a><br \/>\n<strong>Ute Reiber (Platz 1 f\u00fcr die BV Brand), Monika Hu\u00dfmann (Platz 6 f\u00fcr die BV Brand), Harald Schmitz (Direktkandidat Brand S\u00fcd und Platz 4 f\u00fcr die BV Brand), Anne Prolingheuer-Griese (Platz 3 f\u00fcr die BV Brand), Thomas Griese (Direktkandidat St\u00e4dteRegion Aachen), Klaus Hu\u00dfmann (Direktkandidat Brand Nord und Platz 2 f\u00fcr die BV Brand)<\/strong><\/p>\n","protected":false},"excerpt":{"rendered":"<p>Ute Reiber (Platz 1 f\u00fcr die BV Brand), Monika Hu\u00dfmann (Platz 6 f\u00fcr die BV Brand), Harald Schmitz (Direktkandidat Brand S\u00fcd und Platz 4 f\u00fcr die BV Brand), Anne Prolingheuer-Griese (Platz 3 f\u00fcr die BV Brand), Thomas Griese (Direktkandidat St\u00e4dteRegion Aachen), Klaus Hu\u00dfmann (Direktkandidat Brand Nord und Platz 2 f\u00fcr die BV Brand)<\/p>\n","protected":false},"author":3,"featured_media":0,"comment_status":"closed","ping_status":"open","sticky":false,"template":"","format":"standard","meta":{"footnotes":""},"categories":[1],"tags":[38],"class_list":{"0":"entry","1":"post","2":"publish","3":"author-thomasgriese","4":"post-1400","6":"format-standard","7":"category-allgemein","8":"post_tag-kommunalwahl"},"_links":{"self":[{"href":"https:\/\/www.thomas-griese-aachen.de\/index.php?rest_route=\/wp\/v2\/posts\/1400","targetHints":{"allow":["GET"]}}],"collection":[{"href":"https:\/\/www.thomas-griese-aachen.de\/index.php?rest_route=\/wp\/v2\/posts"}],"about":[{"href":"https:\/\/www.thomas-griese-aachen.de\/index.php?rest_route=\/wp\/v2\/types\/post"}],"author":[{"embeddable":true,"href":"https:\/\/www.thomas-griese-aachen.de\/index.php?rest_route=\/wp\/v2\/users\/3"}],"replies":[{"embeddable":true,"href":"https:\/\/www.thomas-griese-aachen.de\/index.php?rest_route=%2Fwp%2Fv2%2Fcomments&post=1400"}],"version-history":[{"count":1,"href":"https:\/\/www.thomas-griese-aachen.de\/index.php?rest_route=\/wp\/v2\/posts\/1400\/revisions"}],"predecessor-version":[{"id":1402,"href":"https:\/\/www.thomas-griese-aachen.de\/index.php?rest_route=\/wp\/v2\/posts\/1400\/revisions\/1402"}],"wp:attachment":[{"href":"https:\/\/www.thomas-griese-aachen.de\/index.php?rest_route=%2Fwp%2Fv2%2Fmedia&parent=1400"}],"wp:term":[{"taxonomy":"category","embeddable":true,"href":"https:\/\/www.thomas-griese-aachen.de\/index.php?rest_route=%2Fwp%2Fv2%2Fcategories&post=1400"},{"taxonomy":"post_tag","embeddable":true,"href":"https:\/\/www.thomas-griese-aachen.de\/index.php?rest_route=%2Fwp%2Fv2%2Ftags&post=1400"}],"curies":[{"name":"wp","href":"https:\/\/api.w.org\/{rel}","templated":true}]}}