{"id":1331,"date":"2013-08-18T11:49:57","date_gmt":"2013-08-18T11:49:57","guid":{"rendered":"http:\/\/www.thomas-griese-aachen.de\/?p=1331"},"modified":"2015-01-21T09:34:41","modified_gmt":"2015-01-21T09:34:41","slug":"1331","status":"publish","type":"post","link":"https:\/\/www.thomas-griese-aachen.de\/?p=1331","title":{"rendered":"Wir haben es satt"},"content":{"rendered":"<p><!--StartFragment--><\/p>\n<p class=\"MsoNormal\" style=\"margin-bottom: .0001pt; line-height: 16.0pt; mso-pagination: none; mso-layout-grid-align: none; text-autospace: none;\"><span style=\"font-family: Verdana; mso-bidi-font-family: Verdana;\"><strong><span style=\"color: #800080;\">Kundgebung, Demonstration, Schlachthofumzingelung, Konzert und Sommercamp<\/span><\/strong><\/span><\/p>\n<p><span style=\"font-family: Verdana; mso-bidi-font-family: Verdana;\"><b><span style=\"color: #800080;\">am 31. August 2013 <\/span><\/b><\/span><\/p>\n<p><span style=\"font-family: Verdana; mso-bidi-font-family: Verdana;\"><strong><span style=\"color: #800080;\">an Europas gr\u00f6\u00dftem Gefl\u00fcgelschlachthof in <\/span><\/strong><b><span style=\"color: #800080;\">Wietze\/Niedersachsen.<\/span><\/b><strong><span style=\"color: #800080;\">\u00a0<\/span><\/strong><\/span><\/p>\n<p class=\"MsoNormal\" style=\"margin-bottom: .0001pt; line-height: 16.0pt; mso-pagination: none; mso-layout-grid-align: none; text-autospace: none;\"><span style=\"font-family: Verdana; mso-bidi-font-family: Verdana;\">?430.000 H\u00fchner sollen t\u00e4glich im nieders\u00e4chsischen Wietze geschlachtet werden. Europas gr\u00f6\u00dfter Schlachthof f\u00fcr Gefl\u00fcgel wurde mit 6,5 Millionen Euro aus Steuergeldern subventioniert. Der Megaschlachthof ist ein Symbol f\u00fcr die Agrar- und Lebensmittelindustrie und steht wie kaum ein anderer Ort f\u00fcr deren Praktiken:<\/span><\/p>\n<p class=\"MsoNormal\" style=\"margin-bottom: .0001pt; line-height: 16.0pt; mso-pagination: none; mso-layout-grid-align: none; text-autospace: none;\"><span style=\"font-family: Verdana; mso-bidi-font-family: Verdana;\">\u00a0<a href=\"http:\/\/www.thomas-griese-aachen.de\/wp-content\/uploads\/2013\/08\/2fa22e4e7f.jpg\"><img loading=\"lazy\" decoding=\"async\" class=\"aligncenter size-medium wp-image-1332\" src=\"http:\/\/www.thomas-griese-aachen.de\/wp-content\/uploads\/2013\/08\/2fa22e4e7f-231x300.jpg\" alt=\"2fa22e4e7f\" width=\"231\" height=\"300\" srcset=\"https:\/\/www.thomas-griese-aachen.de\/wp-content\/uploads\/2013\/08\/2fa22e4e7f-231x300.jpg 231w, https:\/\/www.thomas-griese-aachen.de\/wp-content\/uploads\/2013\/08\/2fa22e4e7f.jpg 250w\" sizes=\"auto, (max-width: 231px) 100vw, 231px\" \/><\/a><\/span><\/p>\n<p><b><span style=\"font-family: Verdana; mso-bidi-font-family: Verdana;\">Megast\u00e4lle<\/span><\/b><span style=\"font-family: Verdana; mso-bidi-font-family: Verdana;\">, die b\u00e4uerliche Landwirtschaft verdr\u00e4ngen und Anwohner, Regionen und Umwelt belasten.<\/span><\/p>\n<p><span style=\"font-family: Verdana; mso-bidi-font-family: Verdana;\"><b>Tiere<\/b>, die auf viel zu engem Raum und mit Hilfe von Antibiotika qualvoll gehalten werden.<\/span><\/p>\n<p><span style=\"font-family: Verdana; mso-bidi-font-family: Verdana;\"><b>Bauern<\/b>, die keine fairen Preise f\u00fcr ihre Erzeugnisse bekommen und von der Agrarindustrie verdr\u00e4ngt werden.<\/span><\/p>\n<p><span style=\"font-family: Verdana; mso-bidi-font-family: Verdana;\"><b>Fleisch<\/b>, das in \u00dcbersch\u00fcssen produziert und zu Dumpingpreisen in die L\u00e4nder des S\u00fcdens exportiert wird, wo es kleinb\u00e4uerliche M\u00e4rkte zerst\u00f6rt.<\/span><\/p>\n<p><span style=\"font-family: Verdana; mso-bidi-font-family: Verdana;\"><b>Menschen<\/b>, die in Schlachth\u00f6fen zu Dumpingl\u00f6hnen und unsozialen Bedingungen arbeiten.<\/span><\/p>\n<p><span style=\"font-family: Verdana; mso-bidi-font-family: Verdana;\"><b>Futter<\/b>, das vielerorts in Monokulturen angebaut wird und in Lateinamerika zu Landkonflikten f\u00fchrt.<\/span><\/p>\n<p><span style=\"font-family: Verdana; mso-bidi-font-family: Verdana;\"><b>G\u00fclle<\/b>, die B\u00f6den und Trinkwasser verseucht.<\/span><\/p>\n<p><span style=\"font-family: Verdana; mso-bidi-font-family: Verdana;\"><b>Essen<\/b>, dem wir nicht vertrauen k\u00f6nnen.<\/span><\/p>\n<p class=\"MsoNormal\" style=\"margin-bottom: .0001pt; line-height: 16.0pt; mso-pagination: none; mso-layout-grid-align: none; text-autospace: none;\"><span style=\"font-family: Verdana; mso-bidi-font-family: Verdana;\">Wir B\u00fcrgerInnen haben Agrarindustrie satt! B\u00e4uerinnen und Bauern brauchen wieder existenzsichernde Einkommen. Die neue Bundesregierung muss eine grundlegende Agrarwende mit einer b\u00e4uerlichen Landwirtschaft als Leitsystem einl\u00e4uten!<\/span><\/p>\n<p class=\"MsoNormal\" style=\"margin-bottom: .0001pt; line-height: 16.0pt; mso-pagination: none; mso-layout-grid-align: none; text-autospace: none;\"><span style=\"font-family: Verdana; mso-bidi-font-family: Verdana;\">Darunter verstehen wir:<\/span><\/p>\n<p class=\"MsoNormal\" style=\"margin-bottom: .0001pt; line-height: 16.0pt; mso-pagination: none; mso-layout-grid-align: none; text-autospace: none;\"><b><span style=\"font-family: Verdana; mso-bidi-font-family: Verdana;\">H\u00f6festerben beenden:<\/span><\/b><span style=\"font-family: Verdana; mso-bidi-font-family: Verdana;\"> durch eine gerechtere Verteilung der EU-Agrarsubventionen bzw. faire Marktrahmenbedingungen, um b\u00e4uerliche Betriebe zu f\u00f6rdern.<\/span><\/p>\n<p class=\"MsoNormal\" style=\"margin-bottom: .0001pt; line-height: 16.0pt; mso-pagination: none; mso-layout-grid-align: none; text-autospace: none;\"><b><span style=\"font-family: Verdana; mso-bidi-font-family: Verdana;\">Weltweit faire Regeln f\u00fcr eine b\u00e4uerliche Landwirtschaft durchsetzen:<\/span><\/b><span style=\"font-family: Verdana; mso-bidi-font-family: Verdana;\"> durch einen Stopp der weiteren Liberalisierung der Agrarm\u00e4rkte und ein Ende der Exportorientierung der deutschen Landwirtschaftspolitik.<\/span><\/p>\n<p class=\"MsoNormal\" style=\"margin-bottom: .0001pt; line-height: 16.0pt; mso-pagination: none; mso-layout-grid-align: none; text-autospace: none;\"><b><span style=\"font-family: Verdana; mso-bidi-font-family: Verdana;\">Artgerechte Tierhaltung verwirklichen:<\/span><\/b><span style=\"font-family: Verdana; mso-bidi-font-family: Verdana;\"> durch ein sch\u00e4rferes Tierschutzgesetz und ein Bundesbaugesetz, das Kommunen ein Verbot von jeglichen Megast\u00e4llen erlaubt.<\/span><\/p>\n<p class=\"MsoNormal\" style=\"margin-bottom: .0001pt; line-height: 16.0pt; mso-pagination: none; mso-layout-grid-align: none; text-autospace: none;\"><b><span style=\"font-family: Verdana; mso-bidi-font-family: Verdana;\">Lebensmittelskandale verhindern:<\/span><\/b><span style=\"font-family: Verdana; mso-bidi-font-family: Verdana;\"> durch die F\u00f6rderung regionaler und transparenter Erzeugung und Vermarktung.<\/span><\/p>\n<p class=\"MsoNormal\" style=\"margin-bottom: .0001pt; line-height: 16.0pt; mso-pagination: none; mso-layout-grid-align: none; text-autospace: none;\"><b><span style=\"font-family: Verdana; mso-bidi-font-family: Verdana;\">Sichere Lebens- und Futtermittel ohne Gentechnik garantieren:<\/span><\/b><span style=\"font-family: Verdana; mso-bidi-font-family: Verdana;\"> durch den Stopp von Gentechnik-Soja und die F\u00f6rderung von heimischen Eiwei\u00dffutterpflanzen sowie klarer Kennzeichnung.<\/span><\/p>\n<p class=\"MsoNormal\" style=\"margin-bottom: .0001pt; line-height: 16.0pt; mso-pagination: none; mso-layout-grid-align: none; text-autospace: none;\"><b><span style=\"font-family: Verdana; mso-bidi-font-family: Verdana;\">Biodiversit\u00e4t f\u00f6rdern:<\/span><\/b><span style=\"font-family: Verdana; mso-bidi-font-family: Verdana;\"> durch den Stopp gro\u00dffl\u00e4chiger Monokulturen und die F\u00f6rderung von Fruchtfolgen und von \u00d6ko-Landbau.<\/span><\/p>\n<p class=\"MsoNormal\" style=\"margin-bottom: .0001pt; line-height: 16.0pt; mso-pagination: none; mso-layout-grid-align: none; text-autospace: none;\"><b><span style=\"font-family: Verdana; mso-bidi-font-family: Verdana;\">Boden, Wasser und Klima sch\u00fctzen:<\/span><\/b><span style=\"font-family: Verdana; mso-bidi-font-family: Verdana;\"> durch die Bindung von Tierhaltung an eigene Futterfl\u00e4chen und die F\u00f6rderung der Kreislaufwirtschaft.<\/span><\/p>\n<p class=\"MsoNormal\" style=\"margin-bottom: .0001pt; line-height: 16.0pt; mso-pagination: none; mso-layout-grid-align: none; text-autospace: none;\"><b><span style=\"font-family: Verdana; mso-bidi-font-family: Verdana;\">Einsatz von Antibiotika in der Tierhaltung minimieren:<\/span><\/b><span style=\"font-family: Verdana; mso-bidi-font-family: Verdana;\"> durch ein versch\u00e4rftes Arzneimittelgesetz und artgerechte Tierhaltung.<\/span><\/p>\n<p class=\"MsoNormal\" style=\"margin-bottom: .0001pt; line-height: 16.0pt; mso-pagination: none; mso-layout-grid-align: none; text-autospace: none;\"><b><span style=\"font-family: Verdana; mso-bidi-font-family: Verdana;\">Prek\u00e4re Arbeitsverh\u00e4ltnisse in der Agrarindustrie verhindern:<\/span><\/b><span style=\"font-family: Verdana; mso-bidi-font-family: Verdana;\"> durch faire L\u00f6hne und faire Arbeitsbedingungen.<\/span><\/p>\n<p class=\"MsoNormal\" style=\"margin-bottom: .0001pt; line-height: 16.0pt; mso-pagination: none; mso-layout-grid-align: none; text-autospace: none;\"><b><span style=\"font-family: Verdana; mso-bidi-font-family: Verdana;\">Gesundes, faires und regionales Essen f\u00fcr alle:<\/span><\/b><span style=\"font-family: Verdana; mso-bidi-font-family: Verdana;\"> durch ein ausreichendes Existenzminimum.<\/span><\/p>\n<p class=\"MsoNormal\" style=\"margin-bottom: .0001pt; line-height: 16.0pt; mso-pagination: none; mso-layout-grid-align: none; text-autospace: none;\"><span style=\"font-family: Verdana; mso-bidi-font-family: Verdana;\">Gemeinsam demonstrieren wir vor der Bundestagswahl f\u00fcr eine b\u00e4uerliche, tier- und umweltfreundlichere Landwirtschaft in Deutschland und umzingeln den Megaschlachthof! Wir fordern Bauernh\u00f6fe statt Agrarindustrie!<\/span><\/p>\n<p class=\"MsoNormal\"><span style=\"font-family: Verdana; mso-bidi-font-family: Verdana;\">\u00a0<\/span><\/p>\n<p><!--EndFragment--><\/p>\n","protected":false},"excerpt":{"rendered":"<p>Kundgebung, Demonstration, Schlachthofumzingelung, Konzert und Sommercamp am 31. August 2013 an Europas gr\u00f6\u00dftem Gefl\u00fcgelschlachthof in Wietze\/Niedersachsen.\u00a0 ?430.000 H\u00fchner sollen t\u00e4glich im nieders\u00e4chsischen Wietze geschlachtet werden. Europas gr\u00f6\u00dfter Schlachthof f\u00fcr Gefl\u00fcgel wurde mit 6,5 Millionen Euro aus Steuergeldern subventioniert. Der Megaschlachthof ist ein Symbol f\u00fcr die Agrar- und Lebensmittelindustrie und steht wie kaum ein anderer Ort &#8230; <span class=\"more\"><a class=\"more-link\" href=\"https:\/\/www.thomas-griese-aachen.de\/?p=1331\">[Read more&#8230;]<\/a><\/span><\/p>\n","protected":false},"author":3,"featured_media":0,"comment_status":"closed","ping_status":"open","sticky":false,"template":"","format":"standard","meta":{"footnotes":""},"categories":[1],"tags":[48,59,54],"class_list":{"0":"entry","1":"post","2":"publish","3":"author-thomasgriese","4":"post-1331","6":"format-standard","7":"category-allgemein","8":"post_tag-ernaehrung","9":"post_tag-lebensmittelskandal","10":"post_tag-massentierhaltung"},"_links":{"self":[{"href":"https:\/\/www.thomas-griese-aachen.de\/index.php?rest_route=\/wp\/v2\/posts\/1331","targetHints":{"allow":["GET"]}}],"collection":[{"href":"https:\/\/www.thomas-griese-aachen.de\/index.php?rest_route=\/wp\/v2\/posts"}],"about":[{"href":"https:\/\/www.thomas-griese-aachen.de\/index.php?rest_route=\/wp\/v2\/types\/post"}],"author":[{"embeddable":true,"href":"https:\/\/www.thomas-griese-aachen.de\/index.php?rest_route=\/wp\/v2\/users\/3"}],"replies":[{"embeddable":true,"href":"https:\/\/www.thomas-griese-aachen.de\/index.php?rest_route=%2Fwp%2Fv2%2Fcomments&post=1331"}],"version-history":[{"count":0,"href":"https:\/\/www.thomas-griese-aachen.de\/index.php?rest_route=\/wp\/v2\/posts\/1331\/revisions"}],"wp:attachment":[{"href":"https:\/\/www.thomas-griese-aachen.de\/index.php?rest_route=%2Fwp%2Fv2%2Fmedia&parent=1331"}],"wp:term":[{"taxonomy":"category","embeddable":true,"href":"https:\/\/www.thomas-griese-aachen.de\/index.php?rest_route=%2Fwp%2Fv2%2Fcategories&post=1331"},{"taxonomy":"post_tag","embeddable":true,"href":"https:\/\/www.thomas-griese-aachen.de\/index.php?rest_route=%2Fwp%2Fv2%2Ftags&post=1331"}],"curies":[{"name":"wp","href":"https:\/\/api.w.org\/{rel}","templated":true}]}}