{"id":128,"date":"2009-03-24T12:28:34","date_gmt":"2009-03-24T10:28:34","guid":{"rendered":"http:\/\/www.thomas-griese-aachen.de\/?p=128"},"modified":"2009-03-24T12:36:18","modified_gmt":"2009-03-24T10:36:18","slug":"keine-mitwirkung-an-den-verfassungsgerichtlichen-verfahren-zur-kommunalwahl-2009","status":"publish","type":"post","link":"https:\/\/www.thomas-griese-aachen.de\/?p=128","title":{"rendered":"Keine Mitwirkung an den verfassungsgerichtlichen Verfahren zur Kommunalwahl 2009"},"content":{"rendered":"<p><!--StartFragment--><\/p>\n<p class=\"MsoNormal\">Als stellvertretendes Mitglied des Verfassungsgerichtshofs NRW habe ich bereits gestern ( Montag, den 23.03.2009) dem Pr\u00e4sidenten des Verfassungsgerichtshofs NRW brieflich mitgeteilt, dass ich &#8220; sollte der Vertretungsfall eintreten &#8211;<span>  <\/span>gem\u00e4\u00df \u00c2\u00a7 15 Absatz 3 des Gesetzes \u00fcber den Verfassungsgerichtshofes NRW &#8220; VGHG-NRW an der Mitwirkung in den Verfahren \u00fcber die Kommunalwahl 2009 verhindert bin <strong>(Selbstablehnung)<\/strong>, weil ich selbst in dieser Kommunalwahl kandidiere und deshalb unmittelbar sowohl von der Entscheidung \u00fcber die Stichwahl wie auch \u00fcber den Wahltermin betroffen bin.<\/p>\n<p class=\"MsoNormal\">Mit den Verfahren war ich bisher in keiner Weise befasst. Ich bin <strong>geheimer Wahl vom Landtag NRW im April 2006 einstimmig gew\u00e4hlt worden<\/strong> und trete mit Nachdruck Unterstellungen entgegen, die Befangenheits- und Selbstablehnungsvorschriften w\u00fcrden nicht sachgerecht angewandt.<\/p>\n<p><!--EndFragment--><\/p>\n","protected":false},"excerpt":{"rendered":"<p>Als stellvertretendes Mitglied des Verfassungsgerichtshofs NRW habe ich bereits gestern ( Montag, den 23.03.2009) dem Pr\u00e4sidenten des Verfassungsgerichtshofs NRW brieflich mitgeteilt, dass ich &#8220; sollte der Vertretungsfall eintreten &#8211; gem\u00e4\u00df \u00c2\u00a7 15 Absatz 3 des Gesetzes \u00fcber den Verfassungsgerichtshofes NRW &#8220; VGHG-NRW an der Mitwirkung in den Verfahren \u00fcber die Kommunalwahl 2009 verhindert bin (Selbstablehnung), &#8230; <span class=\"more\"><a class=\"more-link\" href=\"https:\/\/www.thomas-griese-aachen.de\/?p=128\">[Read more&#8230;]<\/a><\/span><\/p>\n","protected":false},"author":3,"featured_media":0,"comment_status":"open","ping_status":"open","sticky":false,"template":"","format":"standard","meta":{"footnotes":""},"categories":[1],"tags":[],"class_list":{"0":"entry","1":"post","2":"publish","3":"author-thomasgriese","4":"post-128","6":"format-standard","7":"category-allgemein"},"_links":{"self":[{"href":"https:\/\/www.thomas-griese-aachen.de\/index.php?rest_route=\/wp\/v2\/posts\/128","targetHints":{"allow":["GET"]}}],"collection":[{"href":"https:\/\/www.thomas-griese-aachen.de\/index.php?rest_route=\/wp\/v2\/posts"}],"about":[{"href":"https:\/\/www.thomas-griese-aachen.de\/index.php?rest_route=\/wp\/v2\/types\/post"}],"author":[{"embeddable":true,"href":"https:\/\/www.thomas-griese-aachen.de\/index.php?rest_route=\/wp\/v2\/users\/3"}],"replies":[{"embeddable":true,"href":"https:\/\/www.thomas-griese-aachen.de\/index.php?rest_route=%2Fwp%2Fv2%2Fcomments&post=128"}],"version-history":[{"count":0,"href":"https:\/\/www.thomas-griese-aachen.de\/index.php?rest_route=\/wp\/v2\/posts\/128\/revisions"}],"wp:attachment":[{"href":"https:\/\/www.thomas-griese-aachen.de\/index.php?rest_route=%2Fwp%2Fv2%2Fmedia&parent=128"}],"wp:term":[{"taxonomy":"category","embeddable":true,"href":"https:\/\/www.thomas-griese-aachen.de\/index.php?rest_route=%2Fwp%2Fv2%2Fcategories&post=128"},{"taxonomy":"post_tag","embeddable":true,"href":"https:\/\/www.thomas-griese-aachen.de\/index.php?rest_route=%2Fwp%2Fv2%2Ftags&post=128"}],"curies":[{"name":"wp","href":"https:\/\/api.w.org\/{rel}","templated":true}]}}