{"id":103,"date":"2009-03-11T11:53:41","date_gmt":"2009-03-11T09:53:41","guid":{"rendered":"http:\/\/www.thomas-griese-aachen.de\/?p=103"},"modified":"2009-03-12T14:22:57","modified_gmt":"2009-03-12T12:22:57","slug":"wann-wird-gewahlt-stadteregionskandidaten-auf-der-euregio","status":"publish","type":"post","link":"https:\/\/www.thomas-griese-aachen.de\/?p=103","title":{"rendered":"Wann wird gew\u00e4hlt? St\u00e4dteregionskandidaten auf der EUREGIO"},"content":{"rendered":"<p><!--StartFragment--><\/p>\n<p class=\"MsoNormal\">Die erste Podiumsdiskussion mit allen Kandidaten f\u00fcr das Amt des St\u00e4dteregionsrats fand auf der EUREGIO-Wirtschaftsschau am 6.3.2009 statt. Gelegenheit um zun\u00e4chst einmal anschaulich zu machen, was der St\u00e4dteregionsrat ist und zugleich f\u00fcr die St\u00e4dteregion zu werben.<\/p>\n<p class=\"MsoNormal\"><span>Der St\u00e4dteregionsrat ist der Chef der zuk\u00fcnftigen St\u00e4dteregionsverwaltung, also der Chef von ca. 1500<span>  <\/span>Mitarbeiterinnen und Mitarbeitern. Was die Oberb\u00fcrgermeisterin f\u00fcr die Stadt Aachen ist, ist der St\u00e4dteregionsrat f\u00fcr die St\u00e4dteregion.<\/span><span><br \/>\n<\/span><\/p>\n<p class=\"MsoNormal\"><span>Es kommt also auf die Kompetenz an, eine gro\u00dfe Verwaltung b\u00fcrgerfreundlich, effizient und kosteng\u00fcnstig zu organisieren und die St\u00e4dteregion auf der politischen Ebene in D\u00fcsseldorf, Berlin und Br\u00fcssel zur Geltung zu bringen.<\/span><\/p>\n<p class=\"MsoNormal\"><span>Als langj\u00e4hriger Staatssekret\u00e4r im D\u00fcsseldorfer Umwelt-, Verbraucherschutz- und Landwirtschaftsministerium habe ich dazu die entsprechenden Erfahrungen.<\/span><\/p>\n<p class=\"MsoNormal\">\n<p class=\"MsoNormal\"><span><a href=\"http:\/\/www.thomas-griese-aachen.de\/wp-content\/uploads\/2009\/03\/hpim40622.jpg\"><img loading=\"lazy\" decoding=\"async\" class=\"alignnone size-medium wp-image-109\" title=\"hpim40622\" src=\"http:\/\/www.thomas-griese-aachen.de\/wp-content\/uploads\/2009\/03\/hpim40622.jpg\" alt=\"\" width=\"204\" height=\"205\" srcset=\"https:\/\/www.thomas-griese-aachen.de\/wp-content\/uploads\/2009\/03\/hpim40622.jpg 204w, https:\/\/www.thomas-griese-aachen.de\/wp-content\/uploads\/2009\/03\/hpim40622-150x150.jpg 150w\" sizes=\"auto, (max-width: 204px) 100vw, 204px\" \/><\/a><\/span><\/p>\n<p class=\"MsoNormal\"><span>Gepr\u00e4gt war die Diskussion nat\u00fcrlich von der Unsicherheit, wann die Kommunalwahl in NRW \u00fcberhaupt stattfindet.<\/span><\/p>\n<p class=\"MsoNormal\"><span>Der Verfassungsgerichtshof NRW hat den von der Landesregierung festgesetzten Wahltermin f\u00fcr verfassungswidrig erkl\u00e4rt. Jetzt spr\u00e4che schon aus Kostengr\u00fcnden alles daf\u00fcr, die Wahl mit der Bundestagswahl zusammen zu legen. <\/span><\/p>\n<p class=\"MsoNormal\"><span>Doch die Landesregierung str\u00e4ubt sich. Vor dem Verfassungsgerichtshof hatte die schwarz-gelbe Landesregierung noch behauptet, die Zusammenlegung von Kommunalwahl und Europawahl spare \u00fcber 40 Millionen EUR ein.<\/span><\/p>\n<p class=\"MsoNormal\"><span><a href=\"http:\/\/www.thomas-griese-aachen.de\/wp-content\/uploads\/2009\/03\/hpim407521.jpg\"><img loading=\"lazy\" decoding=\"async\" class=\"aligncenter size-medium wp-image-111\" title=\"hpim407521\" src=\"http:\/\/www.thomas-griese-aachen.de\/wp-content\/uploads\/2009\/03\/hpim407521.jpg\" alt=\"\" width=\"204\" height=\"186\" \/><\/a><\/span><\/p>\n<p class=\"MsoNormal\"><span>Nunmehr hat die Landesregierung im Landtag behauptet, die Zahl von 40 Millionen EUR sei viel zu hoch, tats\u00e4chlich betr\u00fcgen die Mehrkosten bei getrennten Wahlen kaum mehr als 4 Millionen EUR. Das kann doch nur bedeuten, dass die Landesregierung entweder vor dem Verfassungsgerichtshof oder im Landtag nicht wahrheitsgem\u00e4\u00df die richtigen Zahlen vorgetragen hat.<\/span><\/p>\n<p class=\"MsoNormal\">Nach den jetzigen Pl\u00e4nen der Landesregierung m\u00fcsste innerhalb von vier Wochen zweimal gew\u00e4hlt werden &#8211; ein Unding, wenn man Kosten und Zeitaufwand ber\u00fccksichtigt. Eine Zusammenlegung mit der Bundestagswahl ist daher das Gebot der Stunde.<\/p>\n<p class=\"MsoNormal\">\n<p class=\"MsoNormal\">\n<p><!--EndFragment--><\/p>\n","protected":false},"excerpt":{"rendered":"<p>Die erste Podiumsdiskussion mit allen Kandidaten f\u00fcr das Amt des St\u00e4dteregionsrats fand auf der EUREGIO-Wirtschaftsschau am 6.3.2009 statt. Gelegenheit um zun\u00e4chst einmal anschaulich zu machen, was der St\u00e4dteregionsrat ist und zugleich f\u00fcr die St\u00e4dteregion zu werben. Der St\u00e4dteregionsrat ist der Chef der zuk\u00fcnftigen St\u00e4dteregionsverwaltung, also der Chef von ca. 1500 Mitarbeiterinnen und Mitarbeitern. Was die &#8230; <span class=\"more\"><a class=\"more-link\" href=\"https:\/\/www.thomas-griese-aachen.de\/?p=103\">[Read more&#8230;]<\/a><\/span><\/p>\n","protected":false},"author":3,"featured_media":0,"comment_status":"open","ping_status":"open","sticky":false,"template":"","format":"standard","meta":{"footnotes":""},"categories":[1],"tags":[],"class_list":{"0":"entry","1":"post","2":"publish","3":"author-thomasgriese","4":"post-103","6":"format-standard","7":"category-allgemein"},"_links":{"self":[{"href":"https:\/\/www.thomas-griese-aachen.de\/index.php?rest_route=\/wp\/v2\/posts\/103","targetHints":{"allow":["GET"]}}],"collection":[{"href":"https:\/\/www.thomas-griese-aachen.de\/index.php?rest_route=\/wp\/v2\/posts"}],"about":[{"href":"https:\/\/www.thomas-griese-aachen.de\/index.php?rest_route=\/wp\/v2\/types\/post"}],"author":[{"embeddable":true,"href":"https:\/\/www.thomas-griese-aachen.de\/index.php?rest_route=\/wp\/v2\/users\/3"}],"replies":[{"embeddable":true,"href":"https:\/\/www.thomas-griese-aachen.de\/index.php?rest_route=%2Fwp%2Fv2%2Fcomments&post=103"}],"version-history":[{"count":0,"href":"https:\/\/www.thomas-griese-aachen.de\/index.php?rest_route=\/wp\/v2\/posts\/103\/revisions"}],"wp:attachment":[{"href":"https:\/\/www.thomas-griese-aachen.de\/index.php?rest_route=%2Fwp%2Fv2%2Fmedia&parent=103"}],"wp:term":[{"taxonomy":"category","embeddable":true,"href":"https:\/\/www.thomas-griese-aachen.de\/index.php?rest_route=%2Fwp%2Fv2%2Fcategories&post=103"},{"taxonomy":"post_tag","embeddable":true,"href":"https:\/\/www.thomas-griese-aachen.de\/index.php?rest_route=%2Fwp%2Fv2%2Ftags&post=103"}],"curies":[{"name":"wp","href":"https:\/\/api.w.org\/{rel}","templated":true}]}}