{"id":100,"date":"2009-03-08T16:08:33","date_gmt":"2009-03-08T14:08:33","guid":{"rendered":"http:\/\/www.thomas-griese-aachen.de\/?p=100"},"modified":"2009-03-08T16:09:25","modified_gmt":"2009-03-08T14:09:25","slug":"grune-marktwirtschaft-fritz-kuhn-in-aachen","status":"publish","type":"post","link":"https:\/\/www.thomas-griese-aachen.de\/?p=100","title":{"rendered":"GR\u00dcNE Marktwirtschaft- Fritz Kuhn in Aachen"},"content":{"rendered":"<div id=\"ja-pathway\"><\/div>\n<div class=\"article-content\">\n<div class=\"article-content\"><strong>Fritz Kuhn<\/strong>, Fraktionsvorsitzender der Gr\u00fcnen im Deutschen Bundestag, h\u00e4lt am 10.3. in der Industrie- und Handelskammer Aachen (IHK) einen Vortrag zum Thema &#8222;Antworten auf die Wirtschaftskrise&#8220;.<\/div>\n<div class=\"article-content\">Ich habe die Moderation der Veranstaltung \u00fcbernommen und freue mich \u00fcber die Gelegenheit, mit Fritz Kuhn und Vertretern der IHK, insbesonderen Herrn Hauptgesch\u00e4ftsf\u00fchrer J\u00fcrgen Drewes \u00fcber gr\u00fcne \u00f6kologisch-soziale Wege aus der Krise zu diskutieren. Drohende Werksschlie\u00dfungen von Opel, aber auch reale Entlassungen wie die bei Gates in Aachen lassen bef\u00fcrchten: Die Arbeitslosigkeit wird in den n\u00e4chsten Monaten rapide ansteigen. Die neoliberalen und marktradikalen Modelle haben versagt. Statt kurzfristigem Strohfeuer brauchen wir jetzt  langfristige Alternativen. Dar\u00fcber wollen wir am kommenden Dienstag reden.<\/div>\n<p>Alle Interessierten sind herzlich eingeladen:<\/p>\n<p><strong>Titel:<\/strong> Fritz Kuhn: Gr\u00fcne Marktwirtschaft &#8211; Antwort auf die Wirtschaftskrise<\/p>\n<p><strong>Wann:<\/strong> 10.03.2009 &#8211; 10.03.2009 19.00 h &#8211; 21.00 h<\/p>\n<p><strong>Wo:<\/strong> IHK Industrie- und Handelskammer Aachen, Theaterstrasse 8-10<\/p>\n<p>Der Eintritt ist frei!<\/p><\/div>\n","protected":false},"excerpt":{"rendered":"<p>Fritz Kuhn, Fraktionsvorsitzender der Gr\u00fcnen im Deutschen Bundestag, h\u00e4lt am 10.3. in der Industrie- und Handelskammer Aachen (IHK) einen Vortrag zum Thema &#8222;Antworten auf die Wirtschaftskrise&#8220;. Ich habe die Moderation der Veranstaltung \u00fcbernommen und freue mich \u00fcber die Gelegenheit, mit Fritz Kuhn und Vertretern der IHK, insbesonderen Herrn Hauptgesch\u00e4ftsf\u00fchrer J\u00fcrgen Drewes \u00fcber gr\u00fcne \u00f6kologisch-soziale Wege &#8230; <span class=\"more\"><a class=\"more-link\" href=\"https:\/\/www.thomas-griese-aachen.de\/?p=100\">[Read more&#8230;]<\/a><\/span><\/p>\n","protected":false},"author":3,"featured_media":0,"comment_status":"open","ping_status":"open","sticky":false,"template":"","format":"standard","meta":{"footnotes":""},"categories":[1],"tags":[],"class_list":{"0":"entry","1":"post","2":"publish","3":"author-thomasgriese","4":"post-100","6":"format-standard","7":"category-allgemein"},"_links":{"self":[{"href":"https:\/\/www.thomas-griese-aachen.de\/index.php?rest_route=\/wp\/v2\/posts\/100","targetHints":{"allow":["GET"]}}],"collection":[{"href":"https:\/\/www.thomas-griese-aachen.de\/index.php?rest_route=\/wp\/v2\/posts"}],"about":[{"href":"https:\/\/www.thomas-griese-aachen.de\/index.php?rest_route=\/wp\/v2\/types\/post"}],"author":[{"embeddable":true,"href":"https:\/\/www.thomas-griese-aachen.de\/index.php?rest_route=\/wp\/v2\/users\/3"}],"replies":[{"embeddable":true,"href":"https:\/\/www.thomas-griese-aachen.de\/index.php?rest_route=%2Fwp%2Fv2%2Fcomments&post=100"}],"version-history":[{"count":0,"href":"https:\/\/www.thomas-griese-aachen.de\/index.php?rest_route=\/wp\/v2\/posts\/100\/revisions"}],"wp:attachment":[{"href":"https:\/\/www.thomas-griese-aachen.de\/index.php?rest_route=%2Fwp%2Fv2%2Fmedia&parent=100"}],"wp:term":[{"taxonomy":"category","embeddable":true,"href":"https:\/\/www.thomas-griese-aachen.de\/index.php?rest_route=%2Fwp%2Fv2%2Fcategories&post=100"},{"taxonomy":"post_tag","embeddable":true,"href":"https:\/\/www.thomas-griese-aachen.de\/index.php?rest_route=%2Fwp%2Fv2%2Ftags&post=100"}],"curies":[{"name":"wp","href":"https:\/\/api.w.org\/{rel}","templated":true}]}}